{"id":554,"date":"2024-04-15T12:17:07","date_gmt":"2024-04-15T12:17:07","guid":{"rendered":"https:\/\/fondacijamilosbikovic.org\/pilotprojekt-der-milos-bikovic-stiftung\/"},"modified":"2024-04-19T18:06:22","modified_gmt":"2024-04-19T18:06:22","slug":"pilotprojekt-der-milos-bikovic-stiftung","status":"publish","type":"post","link":"https:\/\/fondacijamilosbikovic.org\/de\/pilotprojekt-der-milos-bikovic-stiftung\/","title":{"rendered":"Pilotprojekt der Milo\u0161 Bikovi\u0107 Stiftung"},"content":{"rendered":"<p>Ende M\u00e4rz fand in Belgrad die erste Pr\u00e4sentation <em>der Milo\u0161 Bikovi\u0107 Stiftung<\/em> statt, die ein Pilotprojekt mit dem Titel <strong><br \/>\n<em>&#8222;Empowering Young Talents for Academic and Personal Success&#8220; startete<\/em><br \/>\n<\/strong>.<\/p>\n<p>Gleich zu Beginn wurde die erste Teilnehmergruppe, bestehend aus etwa 30 Studenten aus 19 Fakult\u00e4ten und vier Universit\u00e4ten aus Serbien, von Milo\u0161 Bikovi\u0107 angesprochen, der die Teilnehmer begr\u00fc\u00dfte und erkl\u00e4rte, was ihn motiviert hat, ein solches Projekt zur Unterst\u00fctzung junger Menschen in Angriff zu nehmen. W\u00e4hrend des Gespr\u00e4chs beantwortete Milos die meisten Fragen interessierter Teilnehmer, die daran interessiert waren, wie die Stiftung ihre Interessen und Bestrebungen erkennen w\u00fcrde.<\/p>\n<p><img loading=\"lazy\" decoding=\"async\" class=\"aligncenter size-full wp-image-548\" src=\"https:\/\/fondacijamilosbikovic.org\/wp-content\/uploads\/2024\/04\/beograd-2.jpg\" alt=\"\" width=\"1300\" height=\"865\" srcset=\"https:\/\/fondacijamilosbikovic.org\/wp-content\/uploads\/2024\/04\/beograd-2.jpg 1300w, https:\/\/fondacijamilosbikovic.org\/wp-content\/uploads\/2024\/04\/beograd-2-800x532.jpg 800w, https:\/\/fondacijamilosbikovic.org\/wp-content\/uploads\/2024\/04\/beograd-2-300x200.jpg 300w, https:\/\/fondacijamilosbikovic.org\/wp-content\/uploads\/2024\/04\/beograd-2-1024x681.jpg 1024w, https:\/\/fondacijamilosbikovic.org\/wp-content\/uploads\/2024\/04\/beograd-2-768x511.jpg 768w, https:\/\/fondacijamilosbikovic.org\/wp-content\/uploads\/2024\/04\/beograd-2-113x75.jpg 113w, https:\/\/fondacijamilosbikovic.org\/wp-content\/uploads\/2024\/04\/beograd-2-480x319.jpg 480w\" sizes=\"auto, (max-width:767px) 480px, (max-width:1300px) 100vw, 1300px\" \/><\/p>\n<p>Das Wort \u00fcbernahm dann die Direktorin der Stiftung Veronika Tasi\u0107 Vu\u0161urovi\u0107, die die Mitglieder unseres Teams vorstellte und dann den Sch\u00fclern die M\u00f6glichkeit gab, sich gegenseitig kennenzulernen. Medizin, Musik, Mathematik, Maschinenbau, Wirtschaft, Physik, Landwirtschaft, angewandte Kunst sind nur einige der Bereiche, aus denen unsere Studierenden kommen. Die meisten von ihnen stammen aus den letzten Jahren des Grund- oder Aufbaustudiums, mit mehr oder weniger Erfahrung in der akademischen und Forschungsarbeit, aber mit immenser Neugier.<\/p>\n<p>Zentraler Teil des Tages war der interaktive Workshop &#8222;Kommunikation und Pers\u00f6nlichkeitstypen&#8220;, geleitet von Olga Svoboda, Mitglied des Stiftungsvorstands und Beraterin im Bereich Personalentwicklung und -management. Ihr Fokus lag auf sanften Kommunikationsf\u00e4higkeiten und dem Verst\u00e4ndnis f\u00fcr andere Teammitglieder im Gesch\u00e4ftsumfeld, und die Studierenden hatten die M\u00f6glichkeit, sich aktiv einzubringen, Beispiele zu entwerfen und in kleinen Gruppen zusammenzuarbeiten.<\/p>\n<p>Der Haupteindruck der Anwesenden am Ende des Tages war das Gef\u00fchl der Erf\u00fcllung und Begeisterung, das gro\u00dfe Anf\u00e4nge mit sich bringt. Dieses Projekt ist offiziell gestartet und in den kommenden Wochen werden Online-Workshops, Live-Meetings, Studienreisen und vieles mehr stattfinden.<\/p>\n","protected":false},"excerpt":{"rendered":"<p>Ende M\u00e4rz fand in Belgrad die erste Pr\u00e4sentation der Milo\u0161 Bikovi\u0107 Stiftung statt, die ein Pilotprojekt mit dem Titel &#8222;Empowering Young Talents for Academic and Personal<span class=\"excerpt-hellip\"> [\u2026]<\/span><\/p>\n","protected":false},"author":1,"featured_media":547,"comment_status":"closed","ping_status":"open","sticky":false,"template":"","format":"standard","meta":{"footnotes":""},"categories":[4],"tags":[49,48,47,50,51],"class_list":["post-554","post","type-post","status-publish","format-standard","has-post-thumbnail","hentry","category-unkategorisiert","tag-begabungen","tag-jung","tag-milos-bikovic-stiftung","tag-pilotprojekt","tag-werkstatt"],"yoast_head":"<!-- This site is optimized with the Yoast SEO plugin v27.4 - https:\/\/yoast.com\/product\/yoast-seo-wordpress\/ -->\n<title>Pilotprojekt der Milo\u0161 Bikovi\u0107 Stiftung - Fondacija Milo\u0161 Bikovi\u0107<\/title>\n<meta name=\"robots\" content=\"index, follow, max-snippet:-1, max-image-preview:large, max-video-preview:-1\" \/>\n<link rel=\"canonical\" href=\"https:\/\/fondacijamilosbikovic.org\/de\/pilotprojekt-der-milos-bikovic-stiftung\/\" \/>\n<meta property=\"og:locale\" content=\"de_DE\" \/>\n<meta property=\"og:type\" content=\"article\" \/>\n<meta property=\"og:title\" content=\"Pilotprojekt der Milo\u0161 Bikovi\u0107 Stiftung - Fondacija Milo\u0161 Bikovi\u0107\" \/>\n<meta property=\"og:description\" content=\"Ende M\u00e4rz fand in Belgrad die erste Pr\u00e4sentation der Milo\u0161 Bikovi\u0107 Stiftung statt, die ein Pilotprojekt mit dem Titel &#8222;Empowering Young Talents for Academic and Personal [\u2026]\" \/>\n<meta property=\"og:url\" content=\"https:\/\/fondacijamilosbikovic.org\/de\/pilotprojekt-der-milos-bikovic-stiftung\/\" \/>\n<meta property=\"og:site_name\" content=\"Fondacija Milo\u0161 Bikovi\u0107\" \/>\n<meta property=\"article:publisher\" content=\"https:\/\/www.facebook.com\/fondacijabikovic\" \/>\n<meta property=\"article:published_time\" content=\"2024-04-15T12:17:07+00:00\" \/>\n<meta property=\"article:modified_time\" content=\"2024-04-19T18:06:22+00:00\" \/>\n<meta property=\"og:image\" content=\"https:\/\/fondacijamilosbikovic.org\/wp-content\/uploads\/2024\/04\/beograd-1.jpg\" \/>\n\t<meta property=\"og:image:width\" content=\"1920\" \/>\n\t<meta property=\"og:image:height\" content=\"1008\" \/>\n\t<meta property=\"og:image:type\" content=\"image\/jpeg\" \/>\n<meta name=\"author\" content=\"Fondacija Milo\u0161 Bikovi\u0107\" \/>\n<meta name=\"twitter:card\" content=\"summary_large_image\" \/>\n<meta name=\"twitter:label1\" content=\"Verfasst von\" \/>\n\t<meta name=\"twitter:data1\" content=\"Fondacija Milo\u0161 Bikovi\u0107\" \/>\n\t<meta name=\"twitter:label2\" content=\"Gesch\u00e4tzte Lesezeit\" \/>\n\t<meta name=\"twitter:data2\" content=\"2\u00a0Minuten\" \/>\n<script type=\"application\/ld+json\" class=\"yoast-schema-graph\">{\"@context\":\"https:\\\/\\\/schema.org\",\"@graph\":[{\"@type\":\"Article\",\"@id\":\"https:\\\/\\\/fondacijamilosbikovic.org\\\/de\\\/pilotprojekt-der-milos-bikovic-stiftung\\\/#article\",\"isPartOf\":{\"@id\":\"https:\\\/\\\/fondacijamilosbikovic.org\\\/de\\\/pilotprojekt-der-milos-bikovic-stiftung\\\/\"},\"author\":{\"name\":\"Fondacija Milo\u0161 Bikovi\u0107\",\"@id\":\"https:\\\/\\\/fondacijamilosbikovic.org\\\/de\\\/#\\\/schema\\\/person\\\/336800589049adc86a57eabb2d8a4cac\"},\"headline\":\"Pilotprojekt der Milo\u0161 Bikovi\u0107 Stiftung\",\"datePublished\":\"2024-04-15T12:17:07+00:00\",\"dateModified\":\"2024-04-19T18:06:22+00:00\",\"mainEntityOfPage\":{\"@id\":\"https:\\\/\\\/fondacijamilosbikovic.org\\\/de\\\/pilotprojekt-der-milos-bikovic-stiftung\\\/\"},\"wordCount\":290,\"publisher\":{\"@id\":\"https:\\\/\\\/fondacijamilosbikovic.org\\\/de\\\/#organization\"},\"image\":{\"@id\":\"https:\\\/\\\/fondacijamilosbikovic.org\\\/de\\\/pilotprojekt-der-milos-bikovic-stiftung\\\/#primaryimage\"},\"thumbnailUrl\":\"https:\\\/\\\/fondacijamilosbikovic.org\\\/wp-content\\\/uploads\\\/2024\\\/04\\\/beograd-1.jpg\",\"keywords\":[\"Begabungen\",\"Jung\",\"Milo\u0161 Bikovi\u0107 Stiftung\",\"Pilotprojekt\",\"Werkstatt\"],\"articleSection\":[\"Unkategorisiert\"],\"inLanguage\":\"de\"},{\"@type\":\"WebPage\",\"@id\":\"https:\\\/\\\/fondacijamilosbikovic.org\\\/de\\\/pilotprojekt-der-milos-bikovic-stiftung\\\/\",\"url\":\"https:\\\/\\\/fondacijamilosbikovic.org\\\/de\\\/pilotprojekt-der-milos-bikovic-stiftung\\\/\",\"name\":\"Pilotprojekt der Milo\u0161 Bikovi\u0107 Stiftung - Fondacija Milo\u0161 Bikovi\u0107\",\"isPartOf\":{\"@id\":\"https:\\\/\\\/fondacijamilosbikovic.org\\\/de\\\/#website\"},\"primaryImageOfPage\":{\"@id\":\"https:\\\/\\\/fondacijamilosbikovic.org\\\/de\\\/pilotprojekt-der-milos-bikovic-stiftung\\\/#primaryimage\"},\"image\":{\"@id\":\"https:\\\/\\\/fondacijamilosbikovic.org\\\/de\\\/pilotprojekt-der-milos-bikovic-stiftung\\\/#primaryimage\"},\"thumbnailUrl\":\"https:\\\/\\\/fondacijamilosbikovic.org\\\/wp-content\\\/uploads\\\/2024\\\/04\\\/beograd-1.jpg\",\"datePublished\":\"2024-04-15T12:17:07+00:00\",\"dateModified\":\"2024-04-19T18:06:22+00:00\",\"breadcrumb\":{\"@id\":\"https:\\\/\\\/fondacijamilosbikovic.org\\\/de\\\/pilotprojekt-der-milos-bikovic-stiftung\\\/#breadcrumb\"},\"inLanguage\":\"de\",\"potentialAction\":[{\"@type\":\"ReadAction\",\"target\":[\"https:\\\/\\\/fondacijamilosbikovic.org\\\/de\\\/pilotprojekt-der-milos-bikovic-stiftung\\\/\"]}]},{\"@type\":\"ImageObject\",\"inLanguage\":\"de\",\"@id\":\"https:\\\/\\\/fondacijamilosbikovic.org\\\/de\\\/pilotprojekt-der-milos-bikovic-stiftung\\\/#primaryimage\",\"url\":\"https:\\\/\\\/fondacijamilosbikovic.org\\\/wp-content\\\/uploads\\\/2024\\\/04\\\/beograd-1.jpg\",\"contentUrl\":\"https:\\\/\\\/fondacijamilosbikovic.org\\\/wp-content\\\/uploads\\\/2024\\\/04\\\/beograd-1.jpg\",\"width\":1920,\"height\":1008},{\"@type\":\"BreadcrumbList\",\"@id\":\"https:\\\/\\\/fondacijamilosbikovic.org\\\/de\\\/pilotprojekt-der-milos-bikovic-stiftung\\\/#breadcrumb\",\"itemListElement\":[{\"@type\":\"ListItem\",\"position\":1,\"name\":\"Home\",\"item\":\"https:\\\/\\\/fondacijamilosbikovic.org\\\/de\\\/\"},{\"@type\":\"ListItem\",\"position\":2,\"name\":\"Pilotprojekt der Milo\u0161 Bikovi\u0107 Stiftung\"}]},{\"@type\":\"WebSite\",\"@id\":\"https:\\\/\\\/fondacijamilosbikovic.org\\\/de\\\/#website\",\"url\":\"https:\\\/\\\/fondacijamilosbikovic.org\\\/de\\\/\",\"name\":\"Fondacija Milo\u0161 Bikovi\u0107\",\"description\":\"Energija talenata, iskustvo stru\u010dnjaka -\u00a0za\u00a0bolji\u00a0svet.\",\"publisher\":{\"@id\":\"https:\\\/\\\/fondacijamilosbikovic.org\\\/de\\\/#organization\"},\"potentialAction\":[{\"@type\":\"SearchAction\",\"target\":{\"@type\":\"EntryPoint\",\"urlTemplate\":\"https:\\\/\\\/fondacijamilosbikovic.org\\\/de\\\/?s={search_term_string}\"},\"query-input\":{\"@type\":\"PropertyValueSpecification\",\"valueRequired\":true,\"valueName\":\"search_term_string\"}}],\"inLanguage\":\"de\"},{\"@type\":\"Organization\",\"@id\":\"https:\\\/\\\/fondacijamilosbikovic.org\\\/de\\\/#organization\",\"name\":\"Fondacija Milo\u0161 Bikovi\u0107\",\"url\":\"https:\\\/\\\/fondacijamilosbikovic.org\\\/de\\\/\",\"logo\":{\"@type\":\"ImageObject\",\"inLanguage\":\"de\",\"@id\":\"https:\\\/\\\/fondacijamilosbikovic.org\\\/de\\\/#\\\/schema\\\/logo\\\/image\\\/\",\"url\":\"https:\\\/\\\/fondacijamilosbikovic.org\\\/wp-content\\\/uploads\\\/2023\\\/11\\\/logo@x2.png\",\"contentUrl\":\"https:\\\/\\\/fondacijamilosbikovic.org\\\/wp-content\\\/uploads\\\/2023\\\/11\\\/logo@x2.png\",\"width\":800,\"height\":182,\"caption\":\"Fondacija Milo\u0161 Bikovi\u0107\"},\"image\":{\"@id\":\"https:\\\/\\\/fondacijamilosbikovic.org\\\/de\\\/#\\\/schema\\\/logo\\\/image\\\/\"},\"sameAs\":[\"https:\\\/\\\/www.facebook.com\\\/fondacijabikovic\"]},{\"@type\":\"Person\",\"@id\":\"https:\\\/\\\/fondacijamilosbikovic.org\\\/de\\\/#\\\/schema\\\/person\\\/336800589049adc86a57eabb2d8a4cac\",\"name\":\"Fondacija Milo\u0161 Bikovi\u0107\",\"image\":{\"@type\":\"ImageObject\",\"inLanguage\":\"de\",\"@id\":\"https:\\\/\\\/secure.gravatar.com\\\/avatar\\\/d80abda3d2370dcab520376353139bc0671b983b15d0e2bb43c12d61ab3f6026?s=96&d=mm&r=g\",\"url\":\"https:\\\/\\\/secure.gravatar.com\\\/avatar\\\/d80abda3d2370dcab520376353139bc0671b983b15d0e2bb43c12d61ab3f6026?s=96&d=mm&r=g\",\"contentUrl\":\"https:\\\/\\\/secure.gravatar.com\\\/avatar\\\/d80abda3d2370dcab520376353139bc0671b983b15d0e2bb43c12d61ab3f6026?s=96&d=mm&r=g\",\"caption\":\"Fondacija Milo\u0161 Bikovi\u0107\"},\"sameAs\":[\"https:\\\/\\\/fondacijamilosbikovic.org\"],\"url\":\"https:\\\/\\\/fondacijamilosbikovic.org\\\/de\\\/author\\\/fondacija_admin\\\/\"}]}<\/script>\n<!-- \/ Yoast SEO plugin. -->","yoast_head_json":{"title":"Pilotprojekt der Milo\u0161 Bikovi\u0107 Stiftung - Fondacija Milo\u0161 Bikovi\u0107","robots":{"index":"index","follow":"follow","max-snippet":"max-snippet:-1","max-image-preview":"max-image-preview:large","max-video-preview":"max-video-preview:-1"},"canonical":"https:\/\/fondacijamilosbikovic.org\/de\/pilotprojekt-der-milos-bikovic-stiftung\/","og_locale":"de_DE","og_type":"article","og_title":"Pilotprojekt der Milo\u0161 Bikovi\u0107 Stiftung - Fondacija Milo\u0161 Bikovi\u0107","og_description":"Ende M\u00e4rz fand in Belgrad die erste Pr\u00e4sentation der Milo\u0161 Bikovi\u0107 Stiftung statt, die ein Pilotprojekt mit dem Titel &#8222;Empowering Young Talents for Academic and Personal [\u2026]","og_url":"https:\/\/fondacijamilosbikovic.org\/de\/pilotprojekt-der-milos-bikovic-stiftung\/","og_site_name":"Fondacija Milo\u0161 Bikovi\u0107","article_publisher":"https:\/\/www.facebook.com\/fondacijabikovic","article_published_time":"2024-04-15T12:17:07+00:00","article_modified_time":"2024-04-19T18:06:22+00:00","og_image":[{"width":1920,"height":1008,"url":"https:\/\/fondacijamilosbikovic.org\/wp-content\/uploads\/2024\/04\/beograd-1.jpg","type":"image\/jpeg"}],"author":"Fondacija Milo\u0161 Bikovi\u0107","twitter_card":"summary_large_image","twitter_misc":{"Verfasst von":"Fondacija Milo\u0161 Bikovi\u0107","Gesch\u00e4tzte Lesezeit":"2\u00a0Minuten"},"schema":{"@context":"https:\/\/schema.org","@graph":[{"@type":"Article","@id":"https:\/\/fondacijamilosbikovic.org\/de\/pilotprojekt-der-milos-bikovic-stiftung\/#article","isPartOf":{"@id":"https:\/\/fondacijamilosbikovic.org\/de\/pilotprojekt-der-milos-bikovic-stiftung\/"},"author":{"name":"Fondacija Milo\u0161 Bikovi\u0107","@id":"https:\/\/fondacijamilosbikovic.org\/de\/#\/schema\/person\/336800589049adc86a57eabb2d8a4cac"},"headline":"Pilotprojekt der Milo\u0161 Bikovi\u0107 Stiftung","datePublished":"2024-04-15T12:17:07+00:00","dateModified":"2024-04-19T18:06:22+00:00","mainEntityOfPage":{"@id":"https:\/\/fondacijamilosbikovic.org\/de\/pilotprojekt-der-milos-bikovic-stiftung\/"},"wordCount":290,"publisher":{"@id":"https:\/\/fondacijamilosbikovic.org\/de\/#organization"},"image":{"@id":"https:\/\/fondacijamilosbikovic.org\/de\/pilotprojekt-der-milos-bikovic-stiftung\/#primaryimage"},"thumbnailUrl":"https:\/\/fondacijamilosbikovic.org\/wp-content\/uploads\/2024\/04\/beograd-1.jpg","keywords":["Begabungen","Jung","Milo\u0161 Bikovi\u0107 Stiftung","Pilotprojekt","Werkstatt"],"articleSection":["Unkategorisiert"],"inLanguage":"de"},{"@type":"WebPage","@id":"https:\/\/fondacijamilosbikovic.org\/de\/pilotprojekt-der-milos-bikovic-stiftung\/","url":"https:\/\/fondacijamilosbikovic.org\/de\/pilotprojekt-der-milos-bikovic-stiftung\/","name":"Pilotprojekt der Milo\u0161 Bikovi\u0107 Stiftung - Fondacija Milo\u0161 Bikovi\u0107","isPartOf":{"@id":"https:\/\/fondacijamilosbikovic.org\/de\/#website"},"primaryImageOfPage":{"@id":"https:\/\/fondacijamilosbikovic.org\/de\/pilotprojekt-der-milos-bikovic-stiftung\/#primaryimage"},"image":{"@id":"https:\/\/fondacijamilosbikovic.org\/de\/pilotprojekt-der-milos-bikovic-stiftung\/#primaryimage"},"thumbnailUrl":"https:\/\/fondacijamilosbikovic.org\/wp-content\/uploads\/2024\/04\/beograd-1.jpg","datePublished":"2024-04-15T12:17:07+00:00","dateModified":"2024-04-19T18:06:22+00:00","breadcrumb":{"@id":"https:\/\/fondacijamilosbikovic.org\/de\/pilotprojekt-der-milos-bikovic-stiftung\/#breadcrumb"},"inLanguage":"de","potentialAction":[{"@type":"ReadAction","target":["https:\/\/fondacijamilosbikovic.org\/de\/pilotprojekt-der-milos-bikovic-stiftung\/"]}]},{"@type":"ImageObject","inLanguage":"de","@id":"https:\/\/fondacijamilosbikovic.org\/de\/pilotprojekt-der-milos-bikovic-stiftung\/#primaryimage","url":"https:\/\/fondacijamilosbikovic.org\/wp-content\/uploads\/2024\/04\/beograd-1.jpg","contentUrl":"https:\/\/fondacijamilosbikovic.org\/wp-content\/uploads\/2024\/04\/beograd-1.jpg","width":1920,"height":1008},{"@type":"BreadcrumbList","@id":"https:\/\/fondacijamilosbikovic.org\/de\/pilotprojekt-der-milos-bikovic-stiftung\/#breadcrumb","itemListElement":[{"@type":"ListItem","position":1,"name":"Home","item":"https:\/\/fondacijamilosbikovic.org\/de\/"},{"@type":"ListItem","position":2,"name":"Pilotprojekt der Milo\u0161 Bikovi\u0107 Stiftung"}]},{"@type":"WebSite","@id":"https:\/\/fondacijamilosbikovic.org\/de\/#website","url":"https:\/\/fondacijamilosbikovic.org\/de\/","name":"Fondacija Milo\u0161 Bikovi\u0107","description":"Energija talenata, iskustvo stru\u010dnjaka -\u00a0za\u00a0bolji\u00a0svet.","publisher":{"@id":"https:\/\/fondacijamilosbikovic.org\/de\/#organization"},"potentialAction":[{"@type":"SearchAction","target":{"@type":"EntryPoint","urlTemplate":"https:\/\/fondacijamilosbikovic.org\/de\/?s={search_term_string}"},"query-input":{"@type":"PropertyValueSpecification","valueRequired":true,"valueName":"search_term_string"}}],"inLanguage":"de"},{"@type":"Organization","@id":"https:\/\/fondacijamilosbikovic.org\/de\/#organization","name":"Fondacija Milo\u0161 Bikovi\u0107","url":"https:\/\/fondacijamilosbikovic.org\/de\/","logo":{"@type":"ImageObject","inLanguage":"de","@id":"https:\/\/fondacijamilosbikovic.org\/de\/#\/schema\/logo\/image\/","url":"https:\/\/fondacijamilosbikovic.org\/wp-content\/uploads\/2023\/11\/logo@x2.png","contentUrl":"https:\/\/fondacijamilosbikovic.org\/wp-content\/uploads\/2023\/11\/logo@x2.png","width":800,"height":182,"caption":"Fondacija Milo\u0161 Bikovi\u0107"},"image":{"@id":"https:\/\/fondacijamilosbikovic.org\/de\/#\/schema\/logo\/image\/"},"sameAs":["https:\/\/www.facebook.com\/fondacijabikovic"]},{"@type":"Person","@id":"https:\/\/fondacijamilosbikovic.org\/de\/#\/schema\/person\/336800589049adc86a57eabb2d8a4cac","name":"Fondacija Milo\u0161 Bikovi\u0107","image":{"@type":"ImageObject","inLanguage":"de","@id":"https:\/\/secure.gravatar.com\/avatar\/d80abda3d2370dcab520376353139bc0671b983b15d0e2bb43c12d61ab3f6026?s=96&d=mm&r=g","url":"https:\/\/secure.gravatar.com\/avatar\/d80abda3d2370dcab520376353139bc0671b983b15d0e2bb43c12d61ab3f6026?s=96&d=mm&r=g","contentUrl":"https:\/\/secure.gravatar.com\/avatar\/d80abda3d2370dcab520376353139bc0671b983b15d0e2bb43c12d61ab3f6026?s=96&d=mm&r=g","caption":"Fondacija Milo\u0161 Bikovi\u0107"},"sameAs":["https:\/\/fondacijamilosbikovic.org"],"url":"https:\/\/fondacijamilosbikovic.org\/de\/author\/fondacija_admin\/"}]}},"_links":{"self":[{"href":"https:\/\/fondacijamilosbikovic.org\/de\/wp-json\/wp\/v2\/posts\/554","targetHints":{"allow":["GET"]}}],"collection":[{"href":"https:\/\/fondacijamilosbikovic.org\/de\/wp-json\/wp\/v2\/posts"}],"about":[{"href":"https:\/\/fondacijamilosbikovic.org\/de\/wp-json\/wp\/v2\/types\/post"}],"author":[{"embeddable":true,"href":"https:\/\/fondacijamilosbikovic.org\/de\/wp-json\/wp\/v2\/users\/1"}],"replies":[{"embeddable":true,"href":"https:\/\/fondacijamilosbikovic.org\/de\/wp-json\/wp\/v2\/comments?post=554"}],"version-history":[{"count":2,"href":"https:\/\/fondacijamilosbikovic.org\/de\/wp-json\/wp\/v2\/posts\/554\/revisions"}],"predecessor-version":[{"id":561,"href":"https:\/\/fondacijamilosbikovic.org\/de\/wp-json\/wp\/v2\/posts\/554\/revisions\/561"}],"wp:featuredmedia":[{"embeddable":true,"href":"https:\/\/fondacijamilosbikovic.org\/de\/wp-json\/wp\/v2\/media\/547"}],"wp:attachment":[{"href":"https:\/\/fondacijamilosbikovic.org\/de\/wp-json\/wp\/v2\/media?parent=554"}],"wp:term":[{"taxonomy":"category","embeddable":true,"href":"https:\/\/fondacijamilosbikovic.org\/de\/wp-json\/wp\/v2\/categories?post=554"},{"taxonomy":"post_tag","embeddable":true,"href":"https:\/\/fondacijamilosbikovic.org\/de\/wp-json\/wp\/v2\/tags?post=554"}],"curies":[{"name":"wp","href":"https:\/\/api.w.org\/{rel}","templated":true}]}}