{"id":601,"date":"2024-04-22T12:44:06","date_gmt":"2024-04-22T12:44:06","guid":{"rendered":"https:\/\/fondacijamilosbikovic.org\/geselligkeit-in-nis-workshop-zum-oeffentlichen-reden\/"},"modified":"2024-08-28T22:26:57","modified_gmt":"2024-08-28T22:26:57","slug":"geselligkeit-in-nis-workshop-zum-oeffentlichen-reden","status":"publish","type":"post","link":"https:\/\/fondacijamilosbikovic.org\/de\/geselligkeit-in-nis-workshop-zum-oeffentlichen-reden\/","title":{"rendered":"Geselligkeit in Nis: Workshop zum \u00f6ffentlichen Reden"},"content":{"rendered":"<p>Am Wochenende 20. Und am 21. April 2024 versammelten sich die Teilnehmer der Milo\u0161-Bikovi\u0107-Stiftung in Nis, um an einem zweit\u00e4gigen Workshop teilzunehmen, der den F\u00e4higkeiten des \u00f6ffentlichen Sprechens gewidmet war.<\/p>\n<p>Marko Petkovic, Gr\u00fcnder der Firma <a href=\"https:\/\/peaksel.com\/\">Peaksel<\/a> in Nis, die uns ihre R\u00e4umlichkeiten zur Verf\u00fcgung gestellt hat, er\u00f6ffnete ein Wochenende, das f\u00fcr das gemeinsame Kn\u00fcpfen von Kontakten und das Erlernen neuer F\u00e4higkeiten reserviert war.<\/p>\n<p>Der Workshop wurde von Veronika Tasi\u0107 Vu\u0161urovi\u0107, Direktorin der Milo\u0161 Bikovi\u0107 Foundation, strategische Beraterin, Mentorin und Soft-Skills-Trainerin und Special Guest aus Moskau, Elena Doricheva, Beraterin und zertifizierter Business Coach, geleitet. Beide Experten teilten ihre reichen Erfahrungen in gro\u00dfen lokalen, regionalen und internationalen Unternehmen und Startups mit den Teilnehmern unseres Pilotprojekts.<\/p>\n<p>Die Studierenden bearbeiteten in einem interaktiven Setting mit unseren Dozenten Schl\u00fcsselelemente der \u00f6ffentlichen Pr\u00e4sentation. Diese waren: Vorbereitung auf die Pr\u00e4sentation selbst, Verst\u00e4ndnis des Kontexts, Senden einer klaren und effektiven Botschaft, die den Bed\u00fcrfnissen des Publikums entspricht, eine Strategie zur Minderung potenzieller Risiken, Verst\u00e4ndnis des Publikums und der kulturellen Unterschiede, die jedes mit sich bringt.<\/p>\n<p>Dar\u00fcber hinaus wurde besonderes Augenmerk auf die erfolgreiche Durchf\u00fchrung von Diskussionen, das Einnehmen von Rednerpositionen, die Bedeutung der nonverbalen Kommunikation und all die <em>Tipps und Tricks<\/em> gelegt, die hinter einem erfolgreichen \u00f6ffentlichen Auftritt stehen. Hinter der Leichtigkeit, die uns einen guten \u00f6ffentlichen Auftritt zu kennzeichnen scheint, stecken tats\u00e4chlich diese F\u00e4higkeiten, die nach den Bed\u00fcrfnissen und Zielen jedes Redners beherrscht und perfektioniert werden, damit sein Auftritt authentisch, \u00fcberzeugend und glaubw\u00fcrdig ist.<\/p>\n<p>Die Geselligkeit in Nis ging auch \u00fcber die Arbeit hinaus, denn unsere Teilnehmer und Teammitglieder hatten die M\u00f6glichkeit, sich besser kennenzulernen, Kontakte zu kn\u00fcpfen und ein Wochenende in einer produktiven und guten Atmosph\u00e4re miteinander zu verbringen.<\/p>\n\n\t\t\t<style type='text\/css'>\n\t\t\t\t#sc_gallery-1 {\n\t\t\t\t\tmargin: auto;\n\t\t\t\t}\n\t\t\t\t#sc_gallery-1 .gallery-item {\n\t\t\t\t\tfloat: left;\n\t\t\t\t\ttext-align: center;\n\t\t\t\t\twidth: 33.33%;\n\t\t\t\t}\n\t\t\t\t#sc_gallery-1 img {\n\t\t\t\t\tborder: 2px solid #cfcfcf;\n\t\t\t\t}\n\t\t\t\t\/* see sc_gallery() in functions\/theme-shortcodes.php *\/\n\t\t\t<\/style>\n\t\t<div id='sc_gallery-1' class='gallery galleryid-601 gallery-columns-3 gallery-size-full file element_classes fancy'><dl class='gallery-item'  data-title='DSC_1780' data-description=''><div class='gallery-item-wrapper'>\n\t\t\t\t<dt class='gallery-icon landscape'>\n\t\t\t\t\t<a href='https:\/\/fondacijamilosbikovic.org\/wp-content\/uploads\/2024\/05\/DSC_1780.jpg'><img loading=\"lazy\" decoding=\"async\" width=\"1400\" height=\"931\" src=\"https:\/\/fondacijamilosbikovic.org\/wp-content\/uploads\/2024\/05\/DSC_1780.jpg\" class=\"attachment-full size-full\" alt=\"\" srcset=\"https:\/\/fondacijamilosbikovic.org\/wp-content\/uploads\/2024\/05\/DSC_1780.jpg 1400w, https:\/\/fondacijamilosbikovic.org\/wp-content\/uploads\/2024\/05\/DSC_1780-800x532.jpg 800w, https:\/\/fondacijamilosbikovic.org\/wp-content\/uploads\/2024\/05\/DSC_1780-300x200.jpg 300w, https:\/\/fondacijamilosbikovic.org\/wp-content\/uploads\/2024\/05\/DSC_1780-1024x681.jpg 1024w, https:\/\/fondacijamilosbikovic.org\/wp-content\/uploads\/2024\/05\/DSC_1780-768x511.jpg 768w, https:\/\/fondacijamilosbikovic.org\/wp-content\/uploads\/2024\/05\/DSC_1780-113x75.jpg 113w, https:\/\/fondacijamilosbikovic.org\/wp-content\/uploads\/2024\/05\/DSC_1780-480x319.jpg 480w\" sizes=\"auto, (max-width:767px) 480px, (max-width:1400px) 100vw, 1400px\" \/><\/a>\n\t\t\t\t<\/dt><\/div><\/dl><dl class='gallery-item'  data-title='DSC_2305' data-description=''><div class='gallery-item-wrapper'>\n\t\t\t\t<dt class='gallery-icon landscape'>\n\t\t\t\t\t<a href='https:\/\/fondacijamilosbikovic.org\/wp-content\/uploads\/2024\/05\/DSC_2305.jpg'><img loading=\"lazy\" decoding=\"async\" width=\"1400\" height=\"931\" src=\"https:\/\/fondacijamilosbikovic.org\/wp-content\/uploads\/2024\/05\/DSC_2305.jpg\" class=\"attachment-full size-full\" alt=\"\" srcset=\"https:\/\/fondacijamilosbikovic.org\/wp-content\/uploads\/2024\/05\/DSC_2305.jpg 1400w, https:\/\/fondacijamilosbikovic.org\/wp-content\/uploads\/2024\/05\/DSC_2305-800x532.jpg 800w, https:\/\/fondacijamilosbikovic.org\/wp-content\/uploads\/2024\/05\/DSC_2305-300x200.jpg 300w, https:\/\/fondacijamilosbikovic.org\/wp-content\/uploads\/2024\/05\/DSC_2305-1024x681.jpg 1024w, https:\/\/fondacijamilosbikovic.org\/wp-content\/uploads\/2024\/05\/DSC_2305-768x511.jpg 768w, https:\/\/fondacijamilosbikovic.org\/wp-content\/uploads\/2024\/05\/DSC_2305-113x75.jpg 113w, https:\/\/fondacijamilosbikovic.org\/wp-content\/uploads\/2024\/05\/DSC_2305-480x319.jpg 480w\" sizes=\"auto, (max-width:767px) 480px, (max-width:1400px) 100vw, 1400px\" \/><\/a>\n\t\t\t\t<\/dt><\/div><\/dl><dl class='gallery-item'  data-title='DSC_3060' data-description=''><div class='gallery-item-wrapper'>\n\t\t\t\t<dt class='gallery-icon landscape'>\n\t\t\t\t\t<a href='https:\/\/fondacijamilosbikovic.org\/wp-content\/uploads\/2024\/05\/DSC_3060.jpg'><img loading=\"lazy\" decoding=\"async\" width=\"1400\" height=\"931\" src=\"https:\/\/fondacijamilosbikovic.org\/wp-content\/uploads\/2024\/05\/DSC_3060.jpg\" class=\"attachment-full size-full\" alt=\"\" srcset=\"https:\/\/fondacijamilosbikovic.org\/wp-content\/uploads\/2024\/05\/DSC_3060.jpg 1400w, https:\/\/fondacijamilosbikovic.org\/wp-content\/uploads\/2024\/05\/DSC_3060-800x532.jpg 800w, https:\/\/fondacijamilosbikovic.org\/wp-content\/uploads\/2024\/05\/DSC_3060-300x200.jpg 300w, https:\/\/fondacijamilosbikovic.org\/wp-content\/uploads\/2024\/05\/DSC_3060-1024x681.jpg 1024w, https:\/\/fondacijamilosbikovic.org\/wp-content\/uploads\/2024\/05\/DSC_3060-768x511.jpg 768w, https:\/\/fondacijamilosbikovic.org\/wp-content\/uploads\/2024\/05\/DSC_3060-113x75.jpg 113w, https:\/\/fondacijamilosbikovic.org\/wp-content\/uploads\/2024\/05\/DSC_3060-480x319.jpg 480w\" sizes=\"auto, (max-width:767px) 480px, (max-width:1400px) 100vw, 1400px\" \/><\/a>\n\t\t\t\t<\/dt><\/div><\/dl><br style=\"clear: both\" \/>\n\t\t\t<\/div>\n\n","protected":false},"excerpt":{"rendered":"<p>Am Wochenende 20. Und am 21. April 2024 versammelten sich die Teilnehmer der Milo\u0161-Bikovi\u0107-Stiftung in Nis, um an einem zweit\u00e4gigen Workshop teilzunehmen, der den F\u00e4higkeiten des<span class=\"excerpt-hellip\"> [\u2026]<\/span><\/p>\n","protected":false},"author":1,"featured_media":585,"comment_status":"closed","ping_status":"open","sticky":false,"template":"","format":"standard","meta":{"footnotes":""},"categories":[4],"tags":[79,78,75,72,74,77,76,51,73],"class_list":["post-601","post","type-post","status-publish","format-standard","has-post-thumbnail","hentry","category-unkategorisiert","tag-diskussion","tag-lautsprecher","tag-nachricht","tag-offentlicher-auftritt","tag-prasentation","tag-publikum","tag-strategie","tag-werkstatt","tag-zeigen"],"yoast_head":"<!-- This site is optimized with the Yoast SEO plugin v27.4 - https:\/\/yoast.com\/product\/yoast-seo-wordpress\/ -->\n<title>Geselligkeit in Nis: Workshop zum \u00f6ffentlichen Reden - Fondacija Milo\u0161 Bikovi\u0107<\/title>\n<meta name=\"robots\" content=\"index, follow, max-snippet:-1, max-image-preview:large, max-video-preview:-1\" \/>\n<link rel=\"canonical\" href=\"https:\/\/fondacijamilosbikovic.org\/de\/geselligkeit-in-nis-workshop-zum-oeffentlichen-reden\/\" \/>\n<meta property=\"og:locale\" content=\"de_DE\" \/>\n<meta property=\"og:type\" content=\"article\" \/>\n<meta property=\"og:title\" content=\"Geselligkeit in Nis: Workshop zum \u00f6ffentlichen Reden - Fondacija Milo\u0161 Bikovi\u0107\" \/>\n<meta property=\"og:description\" content=\"Am Wochenende 20. Und am 21. April 2024 versammelten sich die Teilnehmer der Milo\u0161-Bikovi\u0107-Stiftung in Nis, um an einem zweit\u00e4gigen Workshop teilzunehmen, der den F\u00e4higkeiten des [\u2026]\" \/>\n<meta property=\"og:url\" content=\"https:\/\/fondacijamilosbikovic.org\/de\/geselligkeit-in-nis-workshop-zum-oeffentlichen-reden\/\" \/>\n<meta property=\"og:site_name\" content=\"Fondacija Milo\u0161 Bikovi\u0107\" \/>\n<meta property=\"article:publisher\" content=\"https:\/\/www.facebook.com\/fondacijabikovic\" \/>\n<meta property=\"article:published_time\" content=\"2024-04-22T12:44:06+00:00\" \/>\n<meta property=\"article:modified_time\" content=\"2024-08-28T22:26:57+00:00\" \/>\n<meta property=\"og:image\" content=\"https:\/\/fondacijamilosbikovic.org\/wp-content\/uploads\/2024\/05\/radionica.jpg\" \/>\n\t<meta property=\"og:image:width\" content=\"1920\" \/>\n\t<meta property=\"og:image:height\" content=\"1008\" \/>\n\t<meta property=\"og:image:type\" content=\"image\/jpeg\" \/>\n<meta name=\"author\" content=\"Fondacija Milo\u0161 Bikovi\u0107\" \/>\n<meta name=\"twitter:card\" content=\"summary_large_image\" \/>\n<meta name=\"twitter:label1\" content=\"Verfasst von\" \/>\n\t<meta name=\"twitter:data1\" content=\"Fondacija Milo\u0161 Bikovi\u0107\" \/>\n\t<meta name=\"twitter:label2\" content=\"Gesch\u00e4tzte Lesezeit\" \/>\n\t<meta name=\"twitter:data2\" content=\"2\u00a0Minuten\" \/>\n<script type=\"application\/ld+json\" class=\"yoast-schema-graph\">{\"@context\":\"https:\\\/\\\/schema.org\",\"@graph\":[{\"@type\":\"Article\",\"@id\":\"https:\\\/\\\/fondacijamilosbikovic.org\\\/de\\\/geselligkeit-in-nis-workshop-zum-oeffentlichen-reden\\\/#article\",\"isPartOf\":{\"@id\":\"https:\\\/\\\/fondacijamilosbikovic.org\\\/de\\\/geselligkeit-in-nis-workshop-zum-oeffentlichen-reden\\\/\"},\"author\":{\"name\":\"Fondacija Milo\u0161 Bikovi\u0107\",\"@id\":\"https:\\\/\\\/fondacijamilosbikovic.org\\\/de\\\/#\\\/schema\\\/person\\\/336800589049adc86a57eabb2d8a4cac\"},\"headline\":\"Geselligkeit in Nis: Workshop zum \u00f6ffentlichen Reden\",\"datePublished\":\"2024-04-22T12:44:06+00:00\",\"dateModified\":\"2024-08-28T22:26:57+00:00\",\"mainEntityOfPage\":{\"@id\":\"https:\\\/\\\/fondacijamilosbikovic.org\\\/de\\\/geselligkeit-in-nis-workshop-zum-oeffentlichen-reden\\\/\"},\"wordCount\":315,\"publisher\":{\"@id\":\"https:\\\/\\\/fondacijamilosbikovic.org\\\/de\\\/#organization\"},\"image\":{\"@id\":\"https:\\\/\\\/fondacijamilosbikovic.org\\\/de\\\/geselligkeit-in-nis-workshop-zum-oeffentlichen-reden\\\/#primaryimage\"},\"thumbnailUrl\":\"https:\\\/\\\/fondacijamilosbikovic.org\\\/wp-content\\\/uploads\\\/2024\\\/05\\\/radionica.jpg\",\"keywords\":[\"Diskussion\",\"Lautsprecher\",\"Nachricht\",\"\u00d6ffentlicher Auftritt\",\"Pr\u00e4sentation\",\"Publikum\",\"Strategie\",\"Werkstatt\",\"Zeigen\"],\"articleSection\":[\"Unkategorisiert\"],\"inLanguage\":\"de\"},{\"@type\":\"WebPage\",\"@id\":\"https:\\\/\\\/fondacijamilosbikovic.org\\\/de\\\/geselligkeit-in-nis-workshop-zum-oeffentlichen-reden\\\/\",\"url\":\"https:\\\/\\\/fondacijamilosbikovic.org\\\/de\\\/geselligkeit-in-nis-workshop-zum-oeffentlichen-reden\\\/\",\"name\":\"Geselligkeit in Nis: Workshop zum \u00f6ffentlichen Reden - Fondacija Milo\u0161 Bikovi\u0107\",\"isPartOf\":{\"@id\":\"https:\\\/\\\/fondacijamilosbikovic.org\\\/de\\\/#website\"},\"primaryImageOfPage\":{\"@id\":\"https:\\\/\\\/fondacijamilosbikovic.org\\\/de\\\/geselligkeit-in-nis-workshop-zum-oeffentlichen-reden\\\/#primaryimage\"},\"image\":{\"@id\":\"https:\\\/\\\/fondacijamilosbikovic.org\\\/de\\\/geselligkeit-in-nis-workshop-zum-oeffentlichen-reden\\\/#primaryimage\"},\"thumbnailUrl\":\"https:\\\/\\\/fondacijamilosbikovic.org\\\/wp-content\\\/uploads\\\/2024\\\/05\\\/radionica.jpg\",\"datePublished\":\"2024-04-22T12:44:06+00:00\",\"dateModified\":\"2024-08-28T22:26:57+00:00\",\"breadcrumb\":{\"@id\":\"https:\\\/\\\/fondacijamilosbikovic.org\\\/de\\\/geselligkeit-in-nis-workshop-zum-oeffentlichen-reden\\\/#breadcrumb\"},\"inLanguage\":\"de\",\"potentialAction\":[{\"@type\":\"ReadAction\",\"target\":[\"https:\\\/\\\/fondacijamilosbikovic.org\\\/de\\\/geselligkeit-in-nis-workshop-zum-oeffentlichen-reden\\\/\"]}]},{\"@type\":\"ImageObject\",\"inLanguage\":\"de\",\"@id\":\"https:\\\/\\\/fondacijamilosbikovic.org\\\/de\\\/geselligkeit-in-nis-workshop-zum-oeffentlichen-reden\\\/#primaryimage\",\"url\":\"https:\\\/\\\/fondacijamilosbikovic.org\\\/wp-content\\\/uploads\\\/2024\\\/05\\\/radionica.jpg\",\"contentUrl\":\"https:\\\/\\\/fondacijamilosbikovic.org\\\/wp-content\\\/uploads\\\/2024\\\/05\\\/radionica.jpg\",\"width\":1920,\"height\":1008},{\"@type\":\"BreadcrumbList\",\"@id\":\"https:\\\/\\\/fondacijamilosbikovic.org\\\/de\\\/geselligkeit-in-nis-workshop-zum-oeffentlichen-reden\\\/#breadcrumb\",\"itemListElement\":[{\"@type\":\"ListItem\",\"position\":1,\"name\":\"Home\",\"item\":\"https:\\\/\\\/fondacijamilosbikovic.org\\\/de\\\/\"},{\"@type\":\"ListItem\",\"position\":2,\"name\":\"Geselligkeit in Nis: Workshop zum \u00f6ffentlichen Reden\"}]},{\"@type\":\"WebSite\",\"@id\":\"https:\\\/\\\/fondacijamilosbikovic.org\\\/de\\\/#website\",\"url\":\"https:\\\/\\\/fondacijamilosbikovic.org\\\/de\\\/\",\"name\":\"Fondacija Milo\u0161 Bikovi\u0107\",\"description\":\"Energija talenata, iskustvo stru\u010dnjaka -\u00a0za\u00a0bolji\u00a0svet.\",\"publisher\":{\"@id\":\"https:\\\/\\\/fondacijamilosbikovic.org\\\/de\\\/#organization\"},\"potentialAction\":[{\"@type\":\"SearchAction\",\"target\":{\"@type\":\"EntryPoint\",\"urlTemplate\":\"https:\\\/\\\/fondacijamilosbikovic.org\\\/de\\\/?s={search_term_string}\"},\"query-input\":{\"@type\":\"PropertyValueSpecification\",\"valueRequired\":true,\"valueName\":\"search_term_string\"}}],\"inLanguage\":\"de\"},{\"@type\":\"Organization\",\"@id\":\"https:\\\/\\\/fondacijamilosbikovic.org\\\/de\\\/#organization\",\"name\":\"Fondacija Milo\u0161 Bikovi\u0107\",\"url\":\"https:\\\/\\\/fondacijamilosbikovic.org\\\/de\\\/\",\"logo\":{\"@type\":\"ImageObject\",\"inLanguage\":\"de\",\"@id\":\"https:\\\/\\\/fondacijamilosbikovic.org\\\/de\\\/#\\\/schema\\\/logo\\\/image\\\/\",\"url\":\"https:\\\/\\\/fondacijamilosbikovic.org\\\/wp-content\\\/uploads\\\/2023\\\/11\\\/logo@x2.png\",\"contentUrl\":\"https:\\\/\\\/fondacijamilosbikovic.org\\\/wp-content\\\/uploads\\\/2023\\\/11\\\/logo@x2.png\",\"width\":800,\"height\":182,\"caption\":\"Fondacija Milo\u0161 Bikovi\u0107\"},\"image\":{\"@id\":\"https:\\\/\\\/fondacijamilosbikovic.org\\\/de\\\/#\\\/schema\\\/logo\\\/image\\\/\"},\"sameAs\":[\"https:\\\/\\\/www.facebook.com\\\/fondacijabikovic\"]},{\"@type\":\"Person\",\"@id\":\"https:\\\/\\\/fondacijamilosbikovic.org\\\/de\\\/#\\\/schema\\\/person\\\/336800589049adc86a57eabb2d8a4cac\",\"name\":\"Fondacija Milo\u0161 Bikovi\u0107\",\"image\":{\"@type\":\"ImageObject\",\"inLanguage\":\"de\",\"@id\":\"https:\\\/\\\/secure.gravatar.com\\\/avatar\\\/d80abda3d2370dcab520376353139bc0671b983b15d0e2bb43c12d61ab3f6026?s=96&d=mm&r=g\",\"url\":\"https:\\\/\\\/secure.gravatar.com\\\/avatar\\\/d80abda3d2370dcab520376353139bc0671b983b15d0e2bb43c12d61ab3f6026?s=96&d=mm&r=g\",\"contentUrl\":\"https:\\\/\\\/secure.gravatar.com\\\/avatar\\\/d80abda3d2370dcab520376353139bc0671b983b15d0e2bb43c12d61ab3f6026?s=96&d=mm&r=g\",\"caption\":\"Fondacija Milo\u0161 Bikovi\u0107\"},\"sameAs\":[\"https:\\\/\\\/fondacijamilosbikovic.org\"],\"url\":\"https:\\\/\\\/fondacijamilosbikovic.org\\\/de\\\/author\\\/fondacija_admin\\\/\"}]}<\/script>\n<!-- \/ Yoast SEO plugin. -->","yoast_head_json":{"title":"Geselligkeit in Nis: Workshop zum \u00f6ffentlichen Reden - Fondacija Milo\u0161 Bikovi\u0107","robots":{"index":"index","follow":"follow","max-snippet":"max-snippet:-1","max-image-preview":"max-image-preview:large","max-video-preview":"max-video-preview:-1"},"canonical":"https:\/\/fondacijamilosbikovic.org\/de\/geselligkeit-in-nis-workshop-zum-oeffentlichen-reden\/","og_locale":"de_DE","og_type":"article","og_title":"Geselligkeit in Nis: Workshop zum \u00f6ffentlichen Reden - Fondacija Milo\u0161 Bikovi\u0107","og_description":"Am Wochenende 20. Und am 21. April 2024 versammelten sich die Teilnehmer der Milo\u0161-Bikovi\u0107-Stiftung in Nis, um an einem zweit\u00e4gigen Workshop teilzunehmen, der den F\u00e4higkeiten des [\u2026]","og_url":"https:\/\/fondacijamilosbikovic.org\/de\/geselligkeit-in-nis-workshop-zum-oeffentlichen-reden\/","og_site_name":"Fondacija Milo\u0161 Bikovi\u0107","article_publisher":"https:\/\/www.facebook.com\/fondacijabikovic","article_published_time":"2024-04-22T12:44:06+00:00","article_modified_time":"2024-08-28T22:26:57+00:00","og_image":[{"width":1920,"height":1008,"url":"https:\/\/fondacijamilosbikovic.org\/wp-content\/uploads\/2024\/05\/radionica.jpg","type":"image\/jpeg"}],"author":"Fondacija Milo\u0161 Bikovi\u0107","twitter_card":"summary_large_image","twitter_misc":{"Verfasst von":"Fondacija Milo\u0161 Bikovi\u0107","Gesch\u00e4tzte Lesezeit":"2\u00a0Minuten"},"schema":{"@context":"https:\/\/schema.org","@graph":[{"@type":"Article","@id":"https:\/\/fondacijamilosbikovic.org\/de\/geselligkeit-in-nis-workshop-zum-oeffentlichen-reden\/#article","isPartOf":{"@id":"https:\/\/fondacijamilosbikovic.org\/de\/geselligkeit-in-nis-workshop-zum-oeffentlichen-reden\/"},"author":{"name":"Fondacija Milo\u0161 Bikovi\u0107","@id":"https:\/\/fondacijamilosbikovic.org\/de\/#\/schema\/person\/336800589049adc86a57eabb2d8a4cac"},"headline":"Geselligkeit in Nis: Workshop zum \u00f6ffentlichen Reden","datePublished":"2024-04-22T12:44:06+00:00","dateModified":"2024-08-28T22:26:57+00:00","mainEntityOfPage":{"@id":"https:\/\/fondacijamilosbikovic.org\/de\/geselligkeit-in-nis-workshop-zum-oeffentlichen-reden\/"},"wordCount":315,"publisher":{"@id":"https:\/\/fondacijamilosbikovic.org\/de\/#organization"},"image":{"@id":"https:\/\/fondacijamilosbikovic.org\/de\/geselligkeit-in-nis-workshop-zum-oeffentlichen-reden\/#primaryimage"},"thumbnailUrl":"https:\/\/fondacijamilosbikovic.org\/wp-content\/uploads\/2024\/05\/radionica.jpg","keywords":["Diskussion","Lautsprecher","Nachricht","\u00d6ffentlicher Auftritt","Pr\u00e4sentation","Publikum","Strategie","Werkstatt","Zeigen"],"articleSection":["Unkategorisiert"],"inLanguage":"de"},{"@type":"WebPage","@id":"https:\/\/fondacijamilosbikovic.org\/de\/geselligkeit-in-nis-workshop-zum-oeffentlichen-reden\/","url":"https:\/\/fondacijamilosbikovic.org\/de\/geselligkeit-in-nis-workshop-zum-oeffentlichen-reden\/","name":"Geselligkeit in Nis: Workshop zum \u00f6ffentlichen Reden - Fondacija Milo\u0161 Bikovi\u0107","isPartOf":{"@id":"https:\/\/fondacijamilosbikovic.org\/de\/#website"},"primaryImageOfPage":{"@id":"https:\/\/fondacijamilosbikovic.org\/de\/geselligkeit-in-nis-workshop-zum-oeffentlichen-reden\/#primaryimage"},"image":{"@id":"https:\/\/fondacijamilosbikovic.org\/de\/geselligkeit-in-nis-workshop-zum-oeffentlichen-reden\/#primaryimage"},"thumbnailUrl":"https:\/\/fondacijamilosbikovic.org\/wp-content\/uploads\/2024\/05\/radionica.jpg","datePublished":"2024-04-22T12:44:06+00:00","dateModified":"2024-08-28T22:26:57+00:00","breadcrumb":{"@id":"https:\/\/fondacijamilosbikovic.org\/de\/geselligkeit-in-nis-workshop-zum-oeffentlichen-reden\/#breadcrumb"},"inLanguage":"de","potentialAction":[{"@type":"ReadAction","target":["https:\/\/fondacijamilosbikovic.org\/de\/geselligkeit-in-nis-workshop-zum-oeffentlichen-reden\/"]}]},{"@type":"ImageObject","inLanguage":"de","@id":"https:\/\/fondacijamilosbikovic.org\/de\/geselligkeit-in-nis-workshop-zum-oeffentlichen-reden\/#primaryimage","url":"https:\/\/fondacijamilosbikovic.org\/wp-content\/uploads\/2024\/05\/radionica.jpg","contentUrl":"https:\/\/fondacijamilosbikovic.org\/wp-content\/uploads\/2024\/05\/radionica.jpg","width":1920,"height":1008},{"@type":"BreadcrumbList","@id":"https:\/\/fondacijamilosbikovic.org\/de\/geselligkeit-in-nis-workshop-zum-oeffentlichen-reden\/#breadcrumb","itemListElement":[{"@type":"ListItem","position":1,"name":"Home","item":"https:\/\/fondacijamilosbikovic.org\/de\/"},{"@type":"ListItem","position":2,"name":"Geselligkeit in Nis: Workshop zum \u00f6ffentlichen Reden"}]},{"@type":"WebSite","@id":"https:\/\/fondacijamilosbikovic.org\/de\/#website","url":"https:\/\/fondacijamilosbikovic.org\/de\/","name":"Fondacija Milo\u0161 Bikovi\u0107","description":"Energija talenata, iskustvo stru\u010dnjaka -\u00a0za\u00a0bolji\u00a0svet.","publisher":{"@id":"https:\/\/fondacijamilosbikovic.org\/de\/#organization"},"potentialAction":[{"@type":"SearchAction","target":{"@type":"EntryPoint","urlTemplate":"https:\/\/fondacijamilosbikovic.org\/de\/?s={search_term_string}"},"query-input":{"@type":"PropertyValueSpecification","valueRequired":true,"valueName":"search_term_string"}}],"inLanguage":"de"},{"@type":"Organization","@id":"https:\/\/fondacijamilosbikovic.org\/de\/#organization","name":"Fondacija Milo\u0161 Bikovi\u0107","url":"https:\/\/fondacijamilosbikovic.org\/de\/","logo":{"@type":"ImageObject","inLanguage":"de","@id":"https:\/\/fondacijamilosbikovic.org\/de\/#\/schema\/logo\/image\/","url":"https:\/\/fondacijamilosbikovic.org\/wp-content\/uploads\/2023\/11\/logo@x2.png","contentUrl":"https:\/\/fondacijamilosbikovic.org\/wp-content\/uploads\/2023\/11\/logo@x2.png","width":800,"height":182,"caption":"Fondacija Milo\u0161 Bikovi\u0107"},"image":{"@id":"https:\/\/fondacijamilosbikovic.org\/de\/#\/schema\/logo\/image\/"},"sameAs":["https:\/\/www.facebook.com\/fondacijabikovic"]},{"@type":"Person","@id":"https:\/\/fondacijamilosbikovic.org\/de\/#\/schema\/person\/336800589049adc86a57eabb2d8a4cac","name":"Fondacija Milo\u0161 Bikovi\u0107","image":{"@type":"ImageObject","inLanguage":"de","@id":"https:\/\/secure.gravatar.com\/avatar\/d80abda3d2370dcab520376353139bc0671b983b15d0e2bb43c12d61ab3f6026?s=96&d=mm&r=g","url":"https:\/\/secure.gravatar.com\/avatar\/d80abda3d2370dcab520376353139bc0671b983b15d0e2bb43c12d61ab3f6026?s=96&d=mm&r=g","contentUrl":"https:\/\/secure.gravatar.com\/avatar\/d80abda3d2370dcab520376353139bc0671b983b15d0e2bb43c12d61ab3f6026?s=96&d=mm&r=g","caption":"Fondacija Milo\u0161 Bikovi\u0107"},"sameAs":["https:\/\/fondacijamilosbikovic.org"],"url":"https:\/\/fondacijamilosbikovic.org\/de\/author\/fondacija_admin\/"}]}},"_links":{"self":[{"href":"https:\/\/fondacijamilosbikovic.org\/de\/wp-json\/wp\/v2\/posts\/601","targetHints":{"allow":["GET"]}}],"collection":[{"href":"https:\/\/fondacijamilosbikovic.org\/de\/wp-json\/wp\/v2\/posts"}],"about":[{"href":"https:\/\/fondacijamilosbikovic.org\/de\/wp-json\/wp\/v2\/types\/post"}],"author":[{"embeddable":true,"href":"https:\/\/fondacijamilosbikovic.org\/de\/wp-json\/wp\/v2\/users\/1"}],"replies":[{"embeddable":true,"href":"https:\/\/fondacijamilosbikovic.org\/de\/wp-json\/wp\/v2\/comments?post=601"}],"version-history":[{"count":2,"href":"https:\/\/fondacijamilosbikovic.org\/de\/wp-json\/wp\/v2\/posts\/601\/revisions"}],"predecessor-version":[{"id":633,"href":"https:\/\/fondacijamilosbikovic.org\/de\/wp-json\/wp\/v2\/posts\/601\/revisions\/633"}],"wp:featuredmedia":[{"embeddable":true,"href":"https:\/\/fondacijamilosbikovic.org\/de\/wp-json\/wp\/v2\/media\/585"}],"wp:attachment":[{"href":"https:\/\/fondacijamilosbikovic.org\/de\/wp-json\/wp\/v2\/media?parent=601"}],"wp:term":[{"taxonomy":"category","embeddable":true,"href":"https:\/\/fondacijamilosbikovic.org\/de\/wp-json\/wp\/v2\/categories?post=601"},{"taxonomy":"post_tag","embeddable":true,"href":"https:\/\/fondacijamilosbikovic.org\/de\/wp-json\/wp\/v2\/tags?post=601"}],"curies":[{"name":"wp","href":"https:\/\/api.w.org\/{rel}","templated":true}]}}