{"id":630,"date":"2024-05-27T07:31:22","date_gmt":"2024-05-27T07:31:22","guid":{"rendered":"https:\/\/fondacijamilosbikovic.org\/netzwerk-wissensforum-gemeinsam-knuepfen-wir-ein-netzwerk-aus-wissen-inspiration-und-talenten\/"},"modified":"2024-08-28T22:27:18","modified_gmt":"2024-08-28T22:27:18","slug":"netzwerk-wissensforum-gemeinsam-knuepfen-wir-ein-netzwerk-aus-wissen-inspiration-und-talenten","status":"publish","type":"post","link":"https:\/\/fondacijamilosbikovic.org\/de\/netzwerk-wissensforum-gemeinsam-knuepfen-wir-ein-netzwerk-aus-wissen-inspiration-und-talenten\/","title":{"rendered":"&#8222;Netzwerk &#8211; Wissensforum&#8220;: Gemeinsam kn\u00fcpfen wir ein Netzwerk aus Wissen, Inspiration und Talenten"},"content":{"rendered":"<p>Am Samstag, den 25. Die Milos Bikovic Stiftung veranstaltete ihre erste \u00f6ffentliche Veranstaltung &#8222;Netzwerk &#8211; Wissensforum&#8220; im Opern- und Theatermadlenianum in Zemun.<\/p>\n<p>Ziel dieses Treffens war es, die Mission und die Ziele der Stiftung einer breiten \u00d6ffentlichkeit vorzustellen, aber vor allem die Teilnehmer des Pilotprojekts, unsere Mentoren und Mitarbeiter zusammenzubringen und ihnen eine einzigartige Gelegenheit zur Vernetzung zu bieten. An einem Ort gab es die besten Studenten und jungen Talente, Top-Experten in verschiedenen Bereichen, aus unserem Land und der ganzen Welt.<\/p>\n<p>Dem Format der wissenschaftlichen Konferenz folgend, lud &#8222;Netzwerk &#8211; Wissensforum&#8220; acht Referenten ein und bot gleichzeitig k\u00fcnstlerische Inhalte f\u00fcr das Publikum. Die Moderatoren waren Milo\u0161 Bikovi\u0107 und Veronika Tasi\u0107 Vu\u0161urovi\u0107, Mitglied des Vorstands der Stiftung. Sie stellten drei Grundpfeiler des Pilotprojekts der Stiftung vor: die St\u00e4rkung der Soft Skills, das Mentoring-Programm und die Plattform f\u00fcr die Vernetzung von Studierenden und die Vernetzung mit Experten. Es wurde auch \u00fcber Pl\u00e4ne f\u00fcr die Zukunft gesprochen, vor allem \u00fcber die Einbeziehung einer gr\u00f6\u00dferen Anzahl junger Menschen in die Programme der Stiftung.<\/p>\n<p>Er\u00f6ffnet wurde die Veranstaltung vom Trio<strong> P Piccolo<\/strong>, dessen Cellist Pavle Rako\u010devi\u0107, ein Teilnehmer unseres Pilotprojekts. Der zweite Teil des Musikprogramms wurde vom Duo <strong>Hilares<\/strong> unter der Leitung von Mina Matija\u0161evi\u0107, ebenfalls unsere Sch\u00fclerin, aufgef\u00fchrt.<\/p>\n<h3><strong>F\u00fchrend in Wissenschaft und Kunst: von der Teilchenphysik bis zur Filmregie<\/strong><\/h3>\n<p><strong>Vladimir Cmiljanovi\u0107<\/strong>, Gr\u00fcnder und CEO des Schweizer <em>Unternehmens Swiss Rockets<\/em>, das sich mit der Erforschung der neuesten Technologien in der Onkologie besch\u00e4ftigt, sprach mit Milos, wo er in einem dynamischen Gespr\u00e4ch \u00fcber seine Unternehmungen im Bereich der medizinischen Innovation sprach.<\/p>\n<p><strong>Dragana Rogulja<\/strong>, Neurowissenschaftlerin, Professorin f\u00fcr Neurobiologie an der Harvard Medical School, die ein Forscherteam in ihrem Labor leitet, pr\u00e4sentierte bahnbrechende Forschungsergebnisse \u00fcber die Art und Weise, wie Schlaf und K\u00f6rper interagieren. Ein junger Forscher aus ihrem Labor, <strong>Ethan Glanz,<\/strong> sprach \u00fcber seine Ergebnisse und die Art und Weise, wie unsere Erinnerungen unser Verhalten ver\u00e4ndern, am Beispiel der Forschung an m\u00e4nnlichen Weinfliegen.<\/p>\n<p><strong>Jovana Grahovac<\/strong>, ordentliche Professorin an der Fakult\u00e4t f\u00fcr Biotechnologie der Technischen Fakult\u00e4t der Universit\u00e4t Novi Sad, sprach \u00fcber die biotechnologischen L\u00f6sungen, mit denen sie sich besch\u00e4ftigt. Sie ist auch eine der Gr\u00fcnderinnen des Verbandes der Wissenschaftlerinnen Serbiens SRNA und teilte uns ihre Gedanken zur Verbesserung der Kommerzialisierung der Forschung mit.<\/p>\n<p><strong>James Beacham<\/strong>, ein Physiker, der experimentelle Teilchenphysik studiert und die Wissenschaft f\u00f6rdert, ein Forscher im ATLAS-Experiment am Large Hadron Collider am CERN, hielt einen spannenden Vortrag \u00fcber Schwarze L\u00f6cher und die neuesten Erkenntnisse auf diesem Gebiet, der der breiten \u00d6ffentlichkeit erfolgreich das Narrativ der zeitgen\u00f6ssischen Physik n\u00e4her brachte.<\/p>\n<p><strong>Borko Furt (Furht)<\/strong>Professor an der Fakult\u00e4t f\u00fcr Elektrotechnik und Informatik an der University of Florida Atlantic und Mitglied des Beirats des Forschungs- und Entwicklungsinstituts f\u00fcr k\u00fcnstliche Intelligenz Serbiens, sprach \u00fcber seine jahrzehntelange Erfahrung bei der Arbeit an Universit\u00e4ten in den Vereinigten Staaten sowie dar\u00fcber, wie er \u00fcber 12 Patente erhalten hat, von denen viele heute auf Streaming-Plattformen wie Netflix verwendet werden.<\/p>\n<p><strong>Aleksandra Cvetanovi\u0107<\/strong> <strong>Kljaki\u0107<\/strong>, wissenschaftliche Mitarbeiterin an der Technischen Fakult\u00e4t in Novi Sad, Gewinnerin wichtiger internationaler Auszeichnungen, sprach \u00fcber ihre Studie \u00fcber bioaktive Molek\u00fcle nat\u00fcrlichen Ursprungs, ihre Extraktion aus nat\u00fcrlichen Quellen und dar\u00fcber, wie diese Biomolek\u00fcle uns ges\u00fcndere und qualitativ hochwertigere Lebensmittel liefern werden.<\/p>\n<p><strong>Klim \u0160ipenko (Shipenko),<\/strong> einer der engsten Mitarbeiter von Milos aus Russland und ein Regisseur, mit dem er zahlreiche Filmerfolge erzielte, allen voran der Film &#8222;Challenge&#8220;, der erste in der Geschichte, der im Weltraum gedreht wurde, sprach zusammen mit Milos \u00fcber die Erfahrung, in der siebten Kunst Grenzen zu \u00fcberschreiten.<\/p>\n<p>Wir freuen uns, dass wir begonnen haben, dieses Netzwerk des Wissens zu weben: mit unseren Experten, mit G\u00e4sten, die aus der ganzen Welt zu uns gekommen sind, und vor allem mit talentierten jungen Menschen &#8211; Studenten, die wir unterst\u00fctzen, aber auch solche, die gro\u00dfes Potenzial zeigen.<\/p>\n<p>Wir hoffen, damit den Grundstein f\u00fcr zuk\u00fcnftige Projekte gelegt und gezeigt zu haben, wie wir die Zusammenarbeit zwischen jungen Talenten und erfahrenen Experten aus verschiedenen Bereichen der Wissenschaft, Wirtschaft und Kunst f\u00f6rdern, alles mit dem Ziel, die Besten mit den Besten zu verschmelzen und unseren jungen Talenten den richtigen Wind in die Segel zu geben<\/p>\n\n\t\t\t<style type='text\/css'>\n\t\t\t\t#sc_gallery-1 {\n\t\t\t\t\tmargin: auto;\n\t\t\t\t}\n\t\t\t\t#sc_gallery-1 .gallery-item {\n\t\t\t\t\tfloat: left;\n\t\t\t\t\ttext-align: center;\n\t\t\t\t\twidth: 24.99%;\n\t\t\t\t}\n\t\t\t\t#sc_gallery-1 img {\n\t\t\t\t\tborder: 2px solid #cfcfcf;\n\t\t\t\t}\n\t\t\t\t\/* see sc_gallery() in functions\/theme-shortcodes.php *\/\n\t\t\t<\/style>\n\t\t<div id='sc_gallery-1' class='gallery galleryid-630 gallery-columns-4 gallery-size-full file element_classes fancy'><dl class='gallery-item'  data-title='DSC_4722' data-description=''><div class='gallery-item-wrapper'>\n\t\t\t\t<dt class='gallery-icon landscape'>\n\t\t\t\t\t<a href='https:\/\/fondacijamilosbikovic.org\/wp-content\/uploads\/2024\/05\/DSC_4722.jpg'><img loading=\"lazy\" decoding=\"async\" width=\"1400\" height=\"932\" src=\"https:\/\/fondacijamilosbikovic.org\/wp-content\/uploads\/2024\/05\/DSC_4722.jpg\" class=\"attachment-full size-full\" alt=\"\" srcset=\"https:\/\/fondacijamilosbikovic.org\/wp-content\/uploads\/2024\/05\/DSC_4722.jpg 1400w, https:\/\/fondacijamilosbikovic.org\/wp-content\/uploads\/2024\/05\/DSC_4722-800x533.jpg 800w, https:\/\/fondacijamilosbikovic.org\/wp-content\/uploads\/2024\/05\/DSC_4722-300x200.jpg 300w, https:\/\/fondacijamilosbikovic.org\/wp-content\/uploads\/2024\/05\/DSC_4722-1024x682.jpg 1024w, https:\/\/fondacijamilosbikovic.org\/wp-content\/uploads\/2024\/05\/DSC_4722-768x511.jpg 768w, https:\/\/fondacijamilosbikovic.org\/wp-content\/uploads\/2024\/05\/DSC_4722-113x75.jpg 113w, https:\/\/fondacijamilosbikovic.org\/wp-content\/uploads\/2024\/05\/DSC_4722-480x320.jpg 480w\" sizes=\"auto, (max-width:767px) 480px, (max-width:1400px) 100vw, 1400px\" \/><\/a>\n\t\t\t\t<\/dt><\/div><\/dl><dl class='gallery-item'  data-title='DSC_5048' data-description=''><div class='gallery-item-wrapper'>\n\t\t\t\t<dt class='gallery-icon landscape'>\n\t\t\t\t\t<a href='https:\/\/fondacijamilosbikovic.org\/wp-content\/uploads\/2024\/05\/DSC_5048.jpg'><img loading=\"lazy\" decoding=\"async\" width=\"1400\" height=\"932\" src=\"https:\/\/fondacijamilosbikovic.org\/wp-content\/uploads\/2024\/05\/DSC_5048.jpg\" class=\"attachment-full size-full\" alt=\"\" srcset=\"https:\/\/fondacijamilosbikovic.org\/wp-content\/uploads\/2024\/05\/DSC_5048.jpg 1400w, https:\/\/fondacijamilosbikovic.org\/wp-content\/uploads\/2024\/05\/DSC_5048-800x533.jpg 800w, https:\/\/fondacijamilosbikovic.org\/wp-content\/uploads\/2024\/05\/DSC_5048-300x200.jpg 300w, https:\/\/fondacijamilosbikovic.org\/wp-content\/uploads\/2024\/05\/DSC_5048-1024x682.jpg 1024w, https:\/\/fondacijamilosbikovic.org\/wp-content\/uploads\/2024\/05\/DSC_5048-768x511.jpg 768w, https:\/\/fondacijamilosbikovic.org\/wp-content\/uploads\/2024\/05\/DSC_5048-113x75.jpg 113w, https:\/\/fondacijamilosbikovic.org\/wp-content\/uploads\/2024\/05\/DSC_5048-480x320.jpg 480w\" sizes=\"auto, (max-width:767px) 480px, (max-width:1400px) 100vw, 1400px\" \/><\/a>\n\t\t\t\t<\/dt><\/div><\/dl><dl class='gallery-item'  data-title='DSC_5608' data-description=''><div class='gallery-item-wrapper'>\n\t\t\t\t<dt class='gallery-icon landscape'>\n\t\t\t\t\t<a href='https:\/\/fondacijamilosbikovic.org\/wp-content\/uploads\/2024\/05\/DSC_5608.jpg'><img loading=\"lazy\" decoding=\"async\" width=\"1400\" height=\"932\" src=\"https:\/\/fondacijamilosbikovic.org\/wp-content\/uploads\/2024\/05\/DSC_5608.jpg\" class=\"attachment-full size-full\" alt=\"\" srcset=\"https:\/\/fondacijamilosbikovic.org\/wp-content\/uploads\/2024\/05\/DSC_5608.jpg 1400w, https:\/\/fondacijamilosbikovic.org\/wp-content\/uploads\/2024\/05\/DSC_5608-800x533.jpg 800w, https:\/\/fondacijamilosbikovic.org\/wp-content\/uploads\/2024\/05\/DSC_5608-300x200.jpg 300w, https:\/\/fondacijamilosbikovic.org\/wp-content\/uploads\/2024\/05\/DSC_5608-1024x682.jpg 1024w, https:\/\/fondacijamilosbikovic.org\/wp-content\/uploads\/2024\/05\/DSC_5608-768x511.jpg 768w, https:\/\/fondacijamilosbikovic.org\/wp-content\/uploads\/2024\/05\/DSC_5608-113x75.jpg 113w, https:\/\/fondacijamilosbikovic.org\/wp-content\/uploads\/2024\/05\/DSC_5608-480x320.jpg 480w\" sizes=\"auto, (max-width:767px) 480px, (max-width:1400px) 100vw, 1400px\" \/><\/a>\n\t\t\t\t<\/dt><\/div><\/dl><dl class='gallery-item'  data-title='DSC_5763' data-description=''><div class='gallery-item-wrapper'>\n\t\t\t\t<dt class='gallery-icon landscape'>\n\t\t\t\t\t<a href='https:\/\/fondacijamilosbikovic.org\/wp-content\/uploads\/2024\/05\/DSC_5763.jpg'><img loading=\"lazy\" decoding=\"async\" width=\"1400\" height=\"959\" src=\"https:\/\/fondacijamilosbikovic.org\/wp-content\/uploads\/2024\/05\/DSC_5763.jpg\" class=\"attachment-full size-full\" alt=\"\" srcset=\"https:\/\/fondacijamilosbikovic.org\/wp-content\/uploads\/2024\/05\/DSC_5763.jpg 1400w, https:\/\/fondacijamilosbikovic.org\/wp-content\/uploads\/2024\/05\/DSC_5763-800x548.jpg 800w, https:\/\/fondacijamilosbikovic.org\/wp-content\/uploads\/2024\/05\/DSC_5763-300x206.jpg 300w, https:\/\/fondacijamilosbikovic.org\/wp-content\/uploads\/2024\/05\/DSC_5763-1024x701.jpg 1024w, https:\/\/fondacijamilosbikovic.org\/wp-content\/uploads\/2024\/05\/DSC_5763-768x526.jpg 768w, https:\/\/fondacijamilosbikovic.org\/wp-content\/uploads\/2024\/05\/DSC_5763-109x75.jpg 109w, https:\/\/fondacijamilosbikovic.org\/wp-content\/uploads\/2024\/05\/DSC_5763-480x329.jpg 480w\" sizes=\"auto, (max-width:767px) 480px, (max-width:1400px) 100vw, 1400px\" \/><\/a>\n\t\t\t\t<\/dt><\/div><\/dl><br style=\"clear: both\" \/>\n\t\t\t<\/div>\n\n","protected":false},"excerpt":{"rendered":"<p>Am Samstag, den 25. Die Milos Bikovic Stiftung veranstaltete ihre erste \u00f6ffentliche Veranstaltung &#8222;Netzwerk &#8211; Wissensforum&#8220; im Opern- und Theatermadlenianum in Zemun. Ziel dieses Treffens war<span class=\"excerpt-hellip\"> [\u2026]<\/span><\/p>\n","protected":false},"author":1,"featured_media":614,"comment_status":"closed","ping_status":"open","sticky":false,"template":"","format":"standard","meta":{"footnotes":""},"categories":[4],"tags":[49,91,94,90,92,93],"class_list":["post-630","post","type-post","status-publish","format-standard","has-post-thumbnail","hentry","category-unkategorisiert","tag-begabungen","tag-forum-de","tag-kunst","tag-netz","tag-wissen","tag-wissenschaft"],"yoast_head":"<!-- This site is optimized with the Yoast SEO plugin v27.4 - https:\/\/yoast.com\/product\/yoast-seo-wordpress\/ -->\n<title>&quot;Netzwerk - Wissensforum&quot;: Gemeinsam kn\u00fcpfen wir ein Netzwerk aus Wissen, Inspiration und Talenten - Fondacija Milo\u0161 Bikovi\u0107<\/title>\n<meta name=\"robots\" content=\"index, follow, max-snippet:-1, max-image-preview:large, max-video-preview:-1\" \/>\n<link rel=\"canonical\" href=\"https:\/\/fondacijamilosbikovic.org\/de\/netzwerk-wissensforum-gemeinsam-knuepfen-wir-ein-netzwerk-aus-wissen-inspiration-und-talenten\/\" \/>\n<meta property=\"og:locale\" content=\"de_DE\" \/>\n<meta property=\"og:type\" content=\"article\" \/>\n<meta property=\"og:title\" content=\"&quot;Netzwerk - Wissensforum&quot;: Gemeinsam kn\u00fcpfen wir ein Netzwerk aus Wissen, Inspiration und Talenten - Fondacija Milo\u0161 Bikovi\u0107\" \/>\n<meta property=\"og:description\" content=\"Am Samstag, den 25. Die Milos Bikovic Stiftung veranstaltete ihre erste \u00f6ffentliche Veranstaltung &#8222;Netzwerk &#8211; Wissensforum&#8220; im Opern- und Theatermadlenianum in Zemun. Ziel dieses Treffens war [\u2026]\" \/>\n<meta property=\"og:url\" content=\"https:\/\/fondacijamilosbikovic.org\/de\/netzwerk-wissensforum-gemeinsam-knuepfen-wir-ein-netzwerk-aus-wissen-inspiration-und-talenten\/\" \/>\n<meta property=\"og:site_name\" content=\"Fondacija Milo\u0161 Bikovi\u0107\" \/>\n<meta property=\"article:publisher\" content=\"https:\/\/www.facebook.com\/fondacijabikovic\" \/>\n<meta property=\"article:published_time\" content=\"2024-05-27T07:31:22+00:00\" \/>\n<meta property=\"article:modified_time\" content=\"2024-08-28T22:27:18+00:00\" \/>\n<meta property=\"og:image\" content=\"https:\/\/fondacijamilosbikovic.org\/wp-content\/uploads\/2024\/05\/mreza.jpg\" \/>\n\t<meta property=\"og:image:width\" content=\"1920\" \/>\n\t<meta property=\"og:image:height\" content=\"1008\" \/>\n\t<meta property=\"og:image:type\" content=\"image\/jpeg\" \/>\n<meta name=\"author\" content=\"Fondacija Milo\u0161 Bikovi\u0107\" \/>\n<meta name=\"twitter:card\" content=\"summary_large_image\" \/>\n<meta name=\"twitter:label1\" content=\"Verfasst von\" \/>\n\t<meta name=\"twitter:data1\" content=\"Fondacija Milo\u0161 Bikovi\u0107\" \/>\n\t<meta name=\"twitter:label2\" content=\"Gesch\u00e4tzte Lesezeit\" \/>\n\t<meta name=\"twitter:data2\" content=\"4\u00a0Minuten\" \/>\n<script type=\"application\/ld+json\" class=\"yoast-schema-graph\">{\"@context\":\"https:\\\/\\\/schema.org\",\"@graph\":[{\"@type\":\"Article\",\"@id\":\"https:\\\/\\\/fondacijamilosbikovic.org\\\/de\\\/netzwerk-wissensforum-gemeinsam-knuepfen-wir-ein-netzwerk-aus-wissen-inspiration-und-talenten\\\/#article\",\"isPartOf\":{\"@id\":\"https:\\\/\\\/fondacijamilosbikovic.org\\\/de\\\/netzwerk-wissensforum-gemeinsam-knuepfen-wir-ein-netzwerk-aus-wissen-inspiration-und-talenten\\\/\"},\"author\":{\"name\":\"Fondacija Milo\u0161 Bikovi\u0107\",\"@id\":\"https:\\\/\\\/fondacijamilosbikovic.org\\\/de\\\/#\\\/schema\\\/person\\\/336800589049adc86a57eabb2d8a4cac\"},\"headline\":\"&#8222;Netzwerk &#8211; Wissensforum&#8220;: Gemeinsam kn\u00fcpfen wir ein Netzwerk aus Wissen, Inspiration und Talenten\",\"datePublished\":\"2024-05-27T07:31:22+00:00\",\"dateModified\":\"2024-08-28T22:27:18+00:00\",\"mainEntityOfPage\":{\"@id\":\"https:\\\/\\\/fondacijamilosbikovic.org\\\/de\\\/netzwerk-wissensforum-gemeinsam-knuepfen-wir-ein-netzwerk-aus-wissen-inspiration-und-talenten\\\/\"},\"wordCount\":743,\"publisher\":{\"@id\":\"https:\\\/\\\/fondacijamilosbikovic.org\\\/de\\\/#organization\"},\"image\":{\"@id\":\"https:\\\/\\\/fondacijamilosbikovic.org\\\/de\\\/netzwerk-wissensforum-gemeinsam-knuepfen-wir-ein-netzwerk-aus-wissen-inspiration-und-talenten\\\/#primaryimage\"},\"thumbnailUrl\":\"https:\\\/\\\/fondacijamilosbikovic.org\\\/wp-content\\\/uploads\\\/2024\\\/05\\\/mreza.jpg\",\"keywords\":[\"Begabungen\",\"Forum\",\"Kunst\",\"Netz\",\"Wissen\",\"Wissenschaft\"],\"articleSection\":[\"Unkategorisiert\"],\"inLanguage\":\"de\"},{\"@type\":\"WebPage\",\"@id\":\"https:\\\/\\\/fondacijamilosbikovic.org\\\/de\\\/netzwerk-wissensforum-gemeinsam-knuepfen-wir-ein-netzwerk-aus-wissen-inspiration-und-talenten\\\/\",\"url\":\"https:\\\/\\\/fondacijamilosbikovic.org\\\/de\\\/netzwerk-wissensforum-gemeinsam-knuepfen-wir-ein-netzwerk-aus-wissen-inspiration-und-talenten\\\/\",\"name\":\"\\\"Netzwerk - Wissensforum\\\": Gemeinsam kn\u00fcpfen wir ein Netzwerk aus Wissen, Inspiration und Talenten - Fondacija Milo\u0161 Bikovi\u0107\",\"isPartOf\":{\"@id\":\"https:\\\/\\\/fondacijamilosbikovic.org\\\/de\\\/#website\"},\"primaryImageOfPage\":{\"@id\":\"https:\\\/\\\/fondacijamilosbikovic.org\\\/de\\\/netzwerk-wissensforum-gemeinsam-knuepfen-wir-ein-netzwerk-aus-wissen-inspiration-und-talenten\\\/#primaryimage\"},\"image\":{\"@id\":\"https:\\\/\\\/fondacijamilosbikovic.org\\\/de\\\/netzwerk-wissensforum-gemeinsam-knuepfen-wir-ein-netzwerk-aus-wissen-inspiration-und-talenten\\\/#primaryimage\"},\"thumbnailUrl\":\"https:\\\/\\\/fondacijamilosbikovic.org\\\/wp-content\\\/uploads\\\/2024\\\/05\\\/mreza.jpg\",\"datePublished\":\"2024-05-27T07:31:22+00:00\",\"dateModified\":\"2024-08-28T22:27:18+00:00\",\"breadcrumb\":{\"@id\":\"https:\\\/\\\/fondacijamilosbikovic.org\\\/de\\\/netzwerk-wissensforum-gemeinsam-knuepfen-wir-ein-netzwerk-aus-wissen-inspiration-und-talenten\\\/#breadcrumb\"},\"inLanguage\":\"de\",\"potentialAction\":[{\"@type\":\"ReadAction\",\"target\":[\"https:\\\/\\\/fondacijamilosbikovic.org\\\/de\\\/netzwerk-wissensforum-gemeinsam-knuepfen-wir-ein-netzwerk-aus-wissen-inspiration-und-talenten\\\/\"]}]},{\"@type\":\"ImageObject\",\"inLanguage\":\"de\",\"@id\":\"https:\\\/\\\/fondacijamilosbikovic.org\\\/de\\\/netzwerk-wissensforum-gemeinsam-knuepfen-wir-ein-netzwerk-aus-wissen-inspiration-und-talenten\\\/#primaryimage\",\"url\":\"https:\\\/\\\/fondacijamilosbikovic.org\\\/wp-content\\\/uploads\\\/2024\\\/05\\\/mreza.jpg\",\"contentUrl\":\"https:\\\/\\\/fondacijamilosbikovic.org\\\/wp-content\\\/uploads\\\/2024\\\/05\\\/mreza.jpg\",\"width\":1920,\"height\":1008},{\"@type\":\"BreadcrumbList\",\"@id\":\"https:\\\/\\\/fondacijamilosbikovic.org\\\/de\\\/netzwerk-wissensforum-gemeinsam-knuepfen-wir-ein-netzwerk-aus-wissen-inspiration-und-talenten\\\/#breadcrumb\",\"itemListElement\":[{\"@type\":\"ListItem\",\"position\":1,\"name\":\"Home\",\"item\":\"https:\\\/\\\/fondacijamilosbikovic.org\\\/de\\\/\"},{\"@type\":\"ListItem\",\"position\":2,\"name\":\"&#8220;Netzwerk &#8211; Wissensforum&#8221;: Gemeinsam kn\u00fcpfen wir ein Netzwerk aus Wissen, Inspiration und Talenten\"}]},{\"@type\":\"WebSite\",\"@id\":\"https:\\\/\\\/fondacijamilosbikovic.org\\\/de\\\/#website\",\"url\":\"https:\\\/\\\/fondacijamilosbikovic.org\\\/de\\\/\",\"name\":\"Fondacija Milo\u0161 Bikovi\u0107\",\"description\":\"Energija talenata, iskustvo stru\u010dnjaka -\u00a0za\u00a0bolji\u00a0svet.\",\"publisher\":{\"@id\":\"https:\\\/\\\/fondacijamilosbikovic.org\\\/de\\\/#organization\"},\"potentialAction\":[{\"@type\":\"SearchAction\",\"target\":{\"@type\":\"EntryPoint\",\"urlTemplate\":\"https:\\\/\\\/fondacijamilosbikovic.org\\\/de\\\/?s={search_term_string}\"},\"query-input\":{\"@type\":\"PropertyValueSpecification\",\"valueRequired\":true,\"valueName\":\"search_term_string\"}}],\"inLanguage\":\"de\"},{\"@type\":\"Organization\",\"@id\":\"https:\\\/\\\/fondacijamilosbikovic.org\\\/de\\\/#organization\",\"name\":\"Fondacija Milo\u0161 Bikovi\u0107\",\"url\":\"https:\\\/\\\/fondacijamilosbikovic.org\\\/de\\\/\",\"logo\":{\"@type\":\"ImageObject\",\"inLanguage\":\"de\",\"@id\":\"https:\\\/\\\/fondacijamilosbikovic.org\\\/de\\\/#\\\/schema\\\/logo\\\/image\\\/\",\"url\":\"https:\\\/\\\/fondacijamilosbikovic.org\\\/wp-content\\\/uploads\\\/2023\\\/11\\\/logo@x2.png\",\"contentUrl\":\"https:\\\/\\\/fondacijamilosbikovic.org\\\/wp-content\\\/uploads\\\/2023\\\/11\\\/logo@x2.png\",\"width\":800,\"height\":182,\"caption\":\"Fondacija Milo\u0161 Bikovi\u0107\"},\"image\":{\"@id\":\"https:\\\/\\\/fondacijamilosbikovic.org\\\/de\\\/#\\\/schema\\\/logo\\\/image\\\/\"},\"sameAs\":[\"https:\\\/\\\/www.facebook.com\\\/fondacijabikovic\"]},{\"@type\":\"Person\",\"@id\":\"https:\\\/\\\/fondacijamilosbikovic.org\\\/de\\\/#\\\/schema\\\/person\\\/336800589049adc86a57eabb2d8a4cac\",\"name\":\"Fondacija Milo\u0161 Bikovi\u0107\",\"image\":{\"@type\":\"ImageObject\",\"inLanguage\":\"de\",\"@id\":\"https:\\\/\\\/secure.gravatar.com\\\/avatar\\\/d80abda3d2370dcab520376353139bc0671b983b15d0e2bb43c12d61ab3f6026?s=96&d=mm&r=g\",\"url\":\"https:\\\/\\\/secure.gravatar.com\\\/avatar\\\/d80abda3d2370dcab520376353139bc0671b983b15d0e2bb43c12d61ab3f6026?s=96&d=mm&r=g\",\"contentUrl\":\"https:\\\/\\\/secure.gravatar.com\\\/avatar\\\/d80abda3d2370dcab520376353139bc0671b983b15d0e2bb43c12d61ab3f6026?s=96&d=mm&r=g\",\"caption\":\"Fondacija Milo\u0161 Bikovi\u0107\"},\"sameAs\":[\"https:\\\/\\\/fondacijamilosbikovic.org\"],\"url\":\"https:\\\/\\\/fondacijamilosbikovic.org\\\/de\\\/author\\\/fondacija_admin\\\/\"}]}<\/script>\n<!-- \/ Yoast SEO plugin. -->","yoast_head_json":{"title":"\"Netzwerk - Wissensforum\": Gemeinsam kn\u00fcpfen wir ein Netzwerk aus Wissen, Inspiration und Talenten - Fondacija Milo\u0161 Bikovi\u0107","robots":{"index":"index","follow":"follow","max-snippet":"max-snippet:-1","max-image-preview":"max-image-preview:large","max-video-preview":"max-video-preview:-1"},"canonical":"https:\/\/fondacijamilosbikovic.org\/de\/netzwerk-wissensforum-gemeinsam-knuepfen-wir-ein-netzwerk-aus-wissen-inspiration-und-talenten\/","og_locale":"de_DE","og_type":"article","og_title":"\"Netzwerk - Wissensforum\": Gemeinsam kn\u00fcpfen wir ein Netzwerk aus Wissen, Inspiration und Talenten - Fondacija Milo\u0161 Bikovi\u0107","og_description":"Am Samstag, den 25. Die Milos Bikovic Stiftung veranstaltete ihre erste \u00f6ffentliche Veranstaltung &#8222;Netzwerk &#8211; Wissensforum&#8220; im Opern- und Theatermadlenianum in Zemun. Ziel dieses Treffens war [\u2026]","og_url":"https:\/\/fondacijamilosbikovic.org\/de\/netzwerk-wissensforum-gemeinsam-knuepfen-wir-ein-netzwerk-aus-wissen-inspiration-und-talenten\/","og_site_name":"Fondacija Milo\u0161 Bikovi\u0107","article_publisher":"https:\/\/www.facebook.com\/fondacijabikovic","article_published_time":"2024-05-27T07:31:22+00:00","article_modified_time":"2024-08-28T22:27:18+00:00","og_image":[{"width":1920,"height":1008,"url":"https:\/\/fondacijamilosbikovic.org\/wp-content\/uploads\/2024\/05\/mreza.jpg","type":"image\/jpeg"}],"author":"Fondacija Milo\u0161 Bikovi\u0107","twitter_card":"summary_large_image","twitter_misc":{"Verfasst von":"Fondacija Milo\u0161 Bikovi\u0107","Gesch\u00e4tzte Lesezeit":"4\u00a0Minuten"},"schema":{"@context":"https:\/\/schema.org","@graph":[{"@type":"Article","@id":"https:\/\/fondacijamilosbikovic.org\/de\/netzwerk-wissensforum-gemeinsam-knuepfen-wir-ein-netzwerk-aus-wissen-inspiration-und-talenten\/#article","isPartOf":{"@id":"https:\/\/fondacijamilosbikovic.org\/de\/netzwerk-wissensforum-gemeinsam-knuepfen-wir-ein-netzwerk-aus-wissen-inspiration-und-talenten\/"},"author":{"name":"Fondacija Milo\u0161 Bikovi\u0107","@id":"https:\/\/fondacijamilosbikovic.org\/de\/#\/schema\/person\/336800589049adc86a57eabb2d8a4cac"},"headline":"&#8222;Netzwerk &#8211; Wissensforum&#8220;: Gemeinsam kn\u00fcpfen wir ein Netzwerk aus Wissen, Inspiration und Talenten","datePublished":"2024-05-27T07:31:22+00:00","dateModified":"2024-08-28T22:27:18+00:00","mainEntityOfPage":{"@id":"https:\/\/fondacijamilosbikovic.org\/de\/netzwerk-wissensforum-gemeinsam-knuepfen-wir-ein-netzwerk-aus-wissen-inspiration-und-talenten\/"},"wordCount":743,"publisher":{"@id":"https:\/\/fondacijamilosbikovic.org\/de\/#organization"},"image":{"@id":"https:\/\/fondacijamilosbikovic.org\/de\/netzwerk-wissensforum-gemeinsam-knuepfen-wir-ein-netzwerk-aus-wissen-inspiration-und-talenten\/#primaryimage"},"thumbnailUrl":"https:\/\/fondacijamilosbikovic.org\/wp-content\/uploads\/2024\/05\/mreza.jpg","keywords":["Begabungen","Forum","Kunst","Netz","Wissen","Wissenschaft"],"articleSection":["Unkategorisiert"],"inLanguage":"de"},{"@type":"WebPage","@id":"https:\/\/fondacijamilosbikovic.org\/de\/netzwerk-wissensforum-gemeinsam-knuepfen-wir-ein-netzwerk-aus-wissen-inspiration-und-talenten\/","url":"https:\/\/fondacijamilosbikovic.org\/de\/netzwerk-wissensforum-gemeinsam-knuepfen-wir-ein-netzwerk-aus-wissen-inspiration-und-talenten\/","name":"\"Netzwerk - Wissensforum\": Gemeinsam kn\u00fcpfen wir ein Netzwerk aus Wissen, Inspiration und Talenten - Fondacija Milo\u0161 Bikovi\u0107","isPartOf":{"@id":"https:\/\/fondacijamilosbikovic.org\/de\/#website"},"primaryImageOfPage":{"@id":"https:\/\/fondacijamilosbikovic.org\/de\/netzwerk-wissensforum-gemeinsam-knuepfen-wir-ein-netzwerk-aus-wissen-inspiration-und-talenten\/#primaryimage"},"image":{"@id":"https:\/\/fondacijamilosbikovic.org\/de\/netzwerk-wissensforum-gemeinsam-knuepfen-wir-ein-netzwerk-aus-wissen-inspiration-und-talenten\/#primaryimage"},"thumbnailUrl":"https:\/\/fondacijamilosbikovic.org\/wp-content\/uploads\/2024\/05\/mreza.jpg","datePublished":"2024-05-27T07:31:22+00:00","dateModified":"2024-08-28T22:27:18+00:00","breadcrumb":{"@id":"https:\/\/fondacijamilosbikovic.org\/de\/netzwerk-wissensforum-gemeinsam-knuepfen-wir-ein-netzwerk-aus-wissen-inspiration-und-talenten\/#breadcrumb"},"inLanguage":"de","potentialAction":[{"@type":"ReadAction","target":["https:\/\/fondacijamilosbikovic.org\/de\/netzwerk-wissensforum-gemeinsam-knuepfen-wir-ein-netzwerk-aus-wissen-inspiration-und-talenten\/"]}]},{"@type":"ImageObject","inLanguage":"de","@id":"https:\/\/fondacijamilosbikovic.org\/de\/netzwerk-wissensforum-gemeinsam-knuepfen-wir-ein-netzwerk-aus-wissen-inspiration-und-talenten\/#primaryimage","url":"https:\/\/fondacijamilosbikovic.org\/wp-content\/uploads\/2024\/05\/mreza.jpg","contentUrl":"https:\/\/fondacijamilosbikovic.org\/wp-content\/uploads\/2024\/05\/mreza.jpg","width":1920,"height":1008},{"@type":"BreadcrumbList","@id":"https:\/\/fondacijamilosbikovic.org\/de\/netzwerk-wissensforum-gemeinsam-knuepfen-wir-ein-netzwerk-aus-wissen-inspiration-und-talenten\/#breadcrumb","itemListElement":[{"@type":"ListItem","position":1,"name":"Home","item":"https:\/\/fondacijamilosbikovic.org\/de\/"},{"@type":"ListItem","position":2,"name":"&#8220;Netzwerk &#8211; Wissensforum&#8221;: Gemeinsam kn\u00fcpfen wir ein Netzwerk aus Wissen, Inspiration und Talenten"}]},{"@type":"WebSite","@id":"https:\/\/fondacijamilosbikovic.org\/de\/#website","url":"https:\/\/fondacijamilosbikovic.org\/de\/","name":"Fondacija Milo\u0161 Bikovi\u0107","description":"Energija talenata, iskustvo stru\u010dnjaka -\u00a0za\u00a0bolji\u00a0svet.","publisher":{"@id":"https:\/\/fondacijamilosbikovic.org\/de\/#organization"},"potentialAction":[{"@type":"SearchAction","target":{"@type":"EntryPoint","urlTemplate":"https:\/\/fondacijamilosbikovic.org\/de\/?s={search_term_string}"},"query-input":{"@type":"PropertyValueSpecification","valueRequired":true,"valueName":"search_term_string"}}],"inLanguage":"de"},{"@type":"Organization","@id":"https:\/\/fondacijamilosbikovic.org\/de\/#organization","name":"Fondacija Milo\u0161 Bikovi\u0107","url":"https:\/\/fondacijamilosbikovic.org\/de\/","logo":{"@type":"ImageObject","inLanguage":"de","@id":"https:\/\/fondacijamilosbikovic.org\/de\/#\/schema\/logo\/image\/","url":"https:\/\/fondacijamilosbikovic.org\/wp-content\/uploads\/2023\/11\/logo@x2.png","contentUrl":"https:\/\/fondacijamilosbikovic.org\/wp-content\/uploads\/2023\/11\/logo@x2.png","width":800,"height":182,"caption":"Fondacija Milo\u0161 Bikovi\u0107"},"image":{"@id":"https:\/\/fondacijamilosbikovic.org\/de\/#\/schema\/logo\/image\/"},"sameAs":["https:\/\/www.facebook.com\/fondacijabikovic"]},{"@type":"Person","@id":"https:\/\/fondacijamilosbikovic.org\/de\/#\/schema\/person\/336800589049adc86a57eabb2d8a4cac","name":"Fondacija Milo\u0161 Bikovi\u0107","image":{"@type":"ImageObject","inLanguage":"de","@id":"https:\/\/secure.gravatar.com\/avatar\/d80abda3d2370dcab520376353139bc0671b983b15d0e2bb43c12d61ab3f6026?s=96&d=mm&r=g","url":"https:\/\/secure.gravatar.com\/avatar\/d80abda3d2370dcab520376353139bc0671b983b15d0e2bb43c12d61ab3f6026?s=96&d=mm&r=g","contentUrl":"https:\/\/secure.gravatar.com\/avatar\/d80abda3d2370dcab520376353139bc0671b983b15d0e2bb43c12d61ab3f6026?s=96&d=mm&r=g","caption":"Fondacija Milo\u0161 Bikovi\u0107"},"sameAs":["https:\/\/fondacijamilosbikovic.org"],"url":"https:\/\/fondacijamilosbikovic.org\/de\/author\/fondacija_admin\/"}]}},"_links":{"self":[{"href":"https:\/\/fondacijamilosbikovic.org\/de\/wp-json\/wp\/v2\/posts\/630","targetHints":{"allow":["GET"]}}],"collection":[{"href":"https:\/\/fondacijamilosbikovic.org\/de\/wp-json\/wp\/v2\/posts"}],"about":[{"href":"https:\/\/fondacijamilosbikovic.org\/de\/wp-json\/wp\/v2\/types\/post"}],"author":[{"embeddable":true,"href":"https:\/\/fondacijamilosbikovic.org\/de\/wp-json\/wp\/v2\/users\/1"}],"replies":[{"embeddable":true,"href":"https:\/\/fondacijamilosbikovic.org\/de\/wp-json\/wp\/v2\/comments?post=630"}],"version-history":[{"count":2,"href":"https:\/\/fondacijamilosbikovic.org\/de\/wp-json\/wp\/v2\/posts\/630\/revisions"}],"predecessor-version":[{"id":654,"href":"https:\/\/fondacijamilosbikovic.org\/de\/wp-json\/wp\/v2\/posts\/630\/revisions\/654"}],"wp:featuredmedia":[{"embeddable":true,"href":"https:\/\/fondacijamilosbikovic.org\/de\/wp-json\/wp\/v2\/media\/614"}],"wp:attachment":[{"href":"https:\/\/fondacijamilosbikovic.org\/de\/wp-json\/wp\/v2\/media?parent=630"}],"wp:term":[{"taxonomy":"category","embeddable":true,"href":"https:\/\/fondacijamilosbikovic.org\/de\/wp-json\/wp\/v2\/categories?post=630"},{"taxonomy":"post_tag","embeddable":true,"href":"https:\/\/fondacijamilosbikovic.org\/de\/wp-json\/wp\/v2\/tags?post=630"}],"curies":[{"name":"wp","href":"https:\/\/api.w.org\/{rel}","templated":true}]}}