{"id":705,"date":"2024-08-19T13:31:42","date_gmt":"2024-08-19T13:31:42","guid":{"rendered":"https:\/\/fondacijamilosbikovic.org\/james-beach-was-befindet-sich-auf-der-anderen-seite-eines-schwarzen-lochs\/"},"modified":"2024-08-28T22:21:47","modified_gmt":"2024-08-28T22:21:47","slug":"james-beach-was-befindet-sich-auf-der-anderen-seite-eines-schwarzen-lochs","status":"publish","type":"post","link":"https:\/\/fondacijamilosbikovic.org\/de\/james-beach-was-befindet-sich-auf-der-anderen-seite-eines-schwarzen-lochs\/","title":{"rendered":"James Beach: Was befindet sich auf der anderen Seite eines Schwarzen Lochs?"},"content":{"rendered":"<p>Am 25. Mai 2024. Belgrad hatte das Privileg, einen der angesehensten Wissenschaftler der Gegenwart zu beherbergen \u2013 James Bycham, einen amerikanischen Physiker, der sich mit experimenteller Teilchenphysik befasst und am <a href=\"https:\/\/atlas.cern\/\">ber\u00fchmten ATLAS-Experiment am Large Hadron Collider am CERN<\/a> beteiligt war.<\/p>\n<p>Auf unserer Konferenz &#8222;Netzwerk \u2013 Wissensforum&#8220; hielt Bycham einen Teil seines ber\u00fchmten Vortrags \u00fcber Schwarze L\u00f6cher mit dem Titel <strong>&#8222;Das andere Ende eines Schwarzen Lochs&#8220;.<\/strong> In diesem faszinierenden Vortrag untersuchte Whip eine der faszinierendsten Fragen der modernen Physik: Was w\u00fcrde passieren, wenn wir durch einen Ereignishorizont gehen und in ein Schwarzes Loch eintreten w\u00fcrden? Das hei\u00dft, was passiert, wenn das Gewebe und die Struktur der Realit\u00e4t \u2013 ob physisch oder sozial \u2013 bis zur Unkenntlichkeit verzerrt werden? K\u00f6nnten wir eine solche verzerrte Realit\u00e4t korrigieren und sie in ihren fr\u00fcheren Zustand zur\u00fcckversetzen?<\/p>\n<p>Noch schwieriger: Gibt es einen Ausweg aus einem schwarzen Loch? Ist es m\u00f6glich, dass der Weg durch ein Schwarzes Loch zu einer besseren Welt f\u00fchrt? Bychams Vortrag brachte nicht nur die neuesten Erkenntnisse auf dem Gebiet der modernen Physik n\u00e4her, sondern brachte auch komplexe naturwissenschaftliche Konzepte erfolgreich der breiten \u00d6ffentlichkeit n\u00e4her. Sein Vortrag stand im Geiste der wissenschaftlichen Neugier und der Popularisierung der Wissenschaft, was ihn \u00e4u\u00dferst zug\u00e4nglich und verst\u00e4ndlich macht, auch f\u00fcr diejenigen, die keine Experten auf diesem Gebiet sind. <strong>Die Spaghetti-Metapher,<\/strong> die von Whip oft verwendet wird, hat sich als einfache, aber effektive Methode erwiesen, um die extremen Gravitationseffekte in der N\u00e4he eines Schwarzen Lochs zu erkl\u00e4ren.<\/p>\n<p>Er beleuchtete auch das komplexe Spiel zwischen Gravitation und Quantenmechanik, das eines der gr\u00f6\u00dften R\u00e4tsel der modernen Physik ist. Whipham sprach dar\u00fcber, wie das Universum uns durch diese Mysterien die Botschaft sendet, dass wir besser denken m\u00fcssen, um die Welt um uns herum wahrzunehmen und zu verstehen.<\/p>\n<p>Von besonderem Interesse ist die Tatsache, dass Physiker immer noch gerne <strong>\u00c4pfel<\/strong> verwenden, wenn sie \u00fcber ihre Experimente sprechen, was uns an die klassischen Entdeckungen erinnert, die die moderne Wissenschaft gepr\u00e4gt haben. Dennoch stellen Schwarze L\u00f6cher mit all ihren Herausforderungen ein potenzielles Feld f\u00fcr bahnbrechende Entdeckungen dar, die unser Verst\u00e4ndnis des Universums ver\u00e4ndern k\u00f6nnten.<\/p>\n<p>Den Vortrag von James Beach k\u00f6nnen Sie sich in voller L\u00e4nge auf unserem <a href=\"https:\/\/www.youtube.com\/watch?v=GWHkijTVOw4\" target=\"_blank\" rel=\"noopener\">YouTube-Kanal<\/a> ansehen.<\/p>\n","protected":false},"excerpt":{"rendered":"<p>Am 25. Mai 2024. Belgrad hatte das Privileg, einen der angesehensten Wissenschaftler der Gegenwart zu beherbergen \u2013 James Bycham, einen amerikanischen Physiker, der sich mit experimenteller<span class=\"excerpt-hellip\"> [\u2026]<\/span><\/p>\n","protected":false},"author":1,"featured_media":702,"comment_status":"closed","ping_status":"open","sticky":false,"template":"","format":"standard","meta":{"footnotes":""},"categories":[4],"tags":[],"class_list":["post-705","post","type-post","status-publish","format-standard","has-post-thumbnail","hentry","category-unkategorisiert"],"yoast_head":"<!-- This site is optimized with the Yoast SEO plugin v27.4 - https:\/\/yoast.com\/product\/yoast-seo-wordpress\/ -->\n<title>James Beach: Was befindet sich auf der anderen Seite eines Schwarzen Lochs? - Fondacija Milo\u0161 Bikovi\u0107<\/title>\n<meta name=\"robots\" content=\"index, follow, max-snippet:-1, max-image-preview:large, max-video-preview:-1\" \/>\n<link rel=\"canonical\" href=\"https:\/\/fondacijamilosbikovic.org\/de\/james-beach-was-befindet-sich-auf-der-anderen-seite-eines-schwarzen-lochs\/\" \/>\n<meta property=\"og:locale\" content=\"de_DE\" \/>\n<meta property=\"og:type\" content=\"article\" \/>\n<meta property=\"og:title\" content=\"James Beach: Was befindet sich auf der anderen Seite eines Schwarzen Lochs? - Fondacija Milo\u0161 Bikovi\u0107\" \/>\n<meta property=\"og:description\" content=\"Am 25. Mai 2024. Belgrad hatte das Privileg, einen der angesehensten Wissenschaftler der Gegenwart zu beherbergen \u2013 James Bycham, einen amerikanischen Physiker, der sich mit experimenteller [\u2026]\" \/>\n<meta property=\"og:url\" content=\"https:\/\/fondacijamilosbikovic.org\/de\/james-beach-was-befindet-sich-auf-der-anderen-seite-eines-schwarzen-lochs\/\" \/>\n<meta property=\"og:site_name\" content=\"Fondacija Milo\u0161 Bikovi\u0107\" \/>\n<meta property=\"article:publisher\" content=\"https:\/\/www.facebook.com\/fondacijabikovic\" \/>\n<meta property=\"article:published_time\" content=\"2024-08-19T13:31:42+00:00\" \/>\n<meta property=\"article:modified_time\" content=\"2024-08-28T22:21:47+00:00\" \/>\n<meta property=\"og:image\" content=\"https:\/\/fondacijamilosbikovic.org\/wp-content\/uploads\/2024\/08\/Forum_Znanja_2024.jpg\" \/>\n\t<meta property=\"og:image:width\" content=\"1920\" \/>\n\t<meta property=\"og:image:height\" content=\"1008\" \/>\n\t<meta property=\"og:image:type\" content=\"image\/jpeg\" \/>\n<meta name=\"author\" content=\"Fondacija Milo\u0161 Bikovi\u0107\" \/>\n<meta name=\"twitter:card\" content=\"summary_large_image\" \/>\n<meta name=\"twitter:label1\" content=\"Verfasst von\" \/>\n\t<meta name=\"twitter:data1\" content=\"Fondacija Milo\u0161 Bikovi\u0107\" \/>\n\t<meta name=\"twitter:label2\" content=\"Gesch\u00e4tzte Lesezeit\" \/>\n\t<meta name=\"twitter:data2\" content=\"2\u00a0Minuten\" \/>\n<script type=\"application\/ld+json\" class=\"yoast-schema-graph\">{\"@context\":\"https:\\\/\\\/schema.org\",\"@graph\":[{\"@type\":\"Article\",\"@id\":\"https:\\\/\\\/fondacijamilosbikovic.org\\\/de\\\/james-beach-was-befindet-sich-auf-der-anderen-seite-eines-schwarzen-lochs\\\/#article\",\"isPartOf\":{\"@id\":\"https:\\\/\\\/fondacijamilosbikovic.org\\\/de\\\/james-beach-was-befindet-sich-auf-der-anderen-seite-eines-schwarzen-lochs\\\/\"},\"author\":{\"name\":\"Fondacija Milo\u0161 Bikovi\u0107\",\"@id\":\"https:\\\/\\\/fondacijamilosbikovic.org\\\/de\\\/#\\\/schema\\\/person\\\/336800589049adc86a57eabb2d8a4cac\"},\"headline\":\"James Beach: Was befindet sich auf der anderen Seite eines Schwarzen Lochs?\",\"datePublished\":\"2024-08-19T13:31:42+00:00\",\"dateModified\":\"2024-08-28T22:21:47+00:00\",\"mainEntityOfPage\":{\"@id\":\"https:\\\/\\\/fondacijamilosbikovic.org\\\/de\\\/james-beach-was-befindet-sich-auf-der-anderen-seite-eines-schwarzen-lochs\\\/\"},\"wordCount\":395,\"publisher\":{\"@id\":\"https:\\\/\\\/fondacijamilosbikovic.org\\\/de\\\/#organization\"},\"image\":{\"@id\":\"https:\\\/\\\/fondacijamilosbikovic.org\\\/de\\\/james-beach-was-befindet-sich-auf-der-anderen-seite-eines-schwarzen-lochs\\\/#primaryimage\"},\"thumbnailUrl\":\"https:\\\/\\\/fondacijamilosbikovic.org\\\/wp-content\\\/uploads\\\/2024\\\/08\\\/Forum_Znanja_2024.jpg\",\"articleSection\":[\"Unkategorisiert\"],\"inLanguage\":\"de\"},{\"@type\":\"WebPage\",\"@id\":\"https:\\\/\\\/fondacijamilosbikovic.org\\\/de\\\/james-beach-was-befindet-sich-auf-der-anderen-seite-eines-schwarzen-lochs\\\/\",\"url\":\"https:\\\/\\\/fondacijamilosbikovic.org\\\/de\\\/james-beach-was-befindet-sich-auf-der-anderen-seite-eines-schwarzen-lochs\\\/\",\"name\":\"James Beach: Was befindet sich auf der anderen Seite eines Schwarzen Lochs? - Fondacija Milo\u0161 Bikovi\u0107\",\"isPartOf\":{\"@id\":\"https:\\\/\\\/fondacijamilosbikovic.org\\\/de\\\/#website\"},\"primaryImageOfPage\":{\"@id\":\"https:\\\/\\\/fondacijamilosbikovic.org\\\/de\\\/james-beach-was-befindet-sich-auf-der-anderen-seite-eines-schwarzen-lochs\\\/#primaryimage\"},\"image\":{\"@id\":\"https:\\\/\\\/fondacijamilosbikovic.org\\\/de\\\/james-beach-was-befindet-sich-auf-der-anderen-seite-eines-schwarzen-lochs\\\/#primaryimage\"},\"thumbnailUrl\":\"https:\\\/\\\/fondacijamilosbikovic.org\\\/wp-content\\\/uploads\\\/2024\\\/08\\\/Forum_Znanja_2024.jpg\",\"datePublished\":\"2024-08-19T13:31:42+00:00\",\"dateModified\":\"2024-08-28T22:21:47+00:00\",\"breadcrumb\":{\"@id\":\"https:\\\/\\\/fondacijamilosbikovic.org\\\/de\\\/james-beach-was-befindet-sich-auf-der-anderen-seite-eines-schwarzen-lochs\\\/#breadcrumb\"},\"inLanguage\":\"de\",\"potentialAction\":[{\"@type\":\"ReadAction\",\"target\":[\"https:\\\/\\\/fondacijamilosbikovic.org\\\/de\\\/james-beach-was-befindet-sich-auf-der-anderen-seite-eines-schwarzen-lochs\\\/\"]}]},{\"@type\":\"ImageObject\",\"inLanguage\":\"de\",\"@id\":\"https:\\\/\\\/fondacijamilosbikovic.org\\\/de\\\/james-beach-was-befindet-sich-auf-der-anderen-seite-eines-schwarzen-lochs\\\/#primaryimage\",\"url\":\"https:\\\/\\\/fondacijamilosbikovic.org\\\/wp-content\\\/uploads\\\/2024\\\/08\\\/Forum_Znanja_2024.jpg\",\"contentUrl\":\"https:\\\/\\\/fondacijamilosbikovic.org\\\/wp-content\\\/uploads\\\/2024\\\/08\\\/Forum_Znanja_2024.jpg\",\"width\":1920,\"height\":1008},{\"@type\":\"BreadcrumbList\",\"@id\":\"https:\\\/\\\/fondacijamilosbikovic.org\\\/de\\\/james-beach-was-befindet-sich-auf-der-anderen-seite-eines-schwarzen-lochs\\\/#breadcrumb\",\"itemListElement\":[{\"@type\":\"ListItem\",\"position\":1,\"name\":\"Home\",\"item\":\"https:\\\/\\\/fondacijamilosbikovic.org\\\/de\\\/\"},{\"@type\":\"ListItem\",\"position\":2,\"name\":\"James Beach: Was befindet sich auf der anderen Seite eines Schwarzen Lochs?\"}]},{\"@type\":\"WebSite\",\"@id\":\"https:\\\/\\\/fondacijamilosbikovic.org\\\/de\\\/#website\",\"url\":\"https:\\\/\\\/fondacijamilosbikovic.org\\\/de\\\/\",\"name\":\"Fondacija Milo\u0161 Bikovi\u0107\",\"description\":\"Energija talenata, iskustvo stru\u010dnjaka -\u00a0za\u00a0bolji\u00a0svet.\",\"publisher\":{\"@id\":\"https:\\\/\\\/fondacijamilosbikovic.org\\\/de\\\/#organization\"},\"potentialAction\":[{\"@type\":\"SearchAction\",\"target\":{\"@type\":\"EntryPoint\",\"urlTemplate\":\"https:\\\/\\\/fondacijamilosbikovic.org\\\/de\\\/?s={search_term_string}\"},\"query-input\":{\"@type\":\"PropertyValueSpecification\",\"valueRequired\":true,\"valueName\":\"search_term_string\"}}],\"inLanguage\":\"de\"},{\"@type\":\"Organization\",\"@id\":\"https:\\\/\\\/fondacijamilosbikovic.org\\\/de\\\/#organization\",\"name\":\"Fondacija Milo\u0161 Bikovi\u0107\",\"url\":\"https:\\\/\\\/fondacijamilosbikovic.org\\\/de\\\/\",\"logo\":{\"@type\":\"ImageObject\",\"inLanguage\":\"de\",\"@id\":\"https:\\\/\\\/fondacijamilosbikovic.org\\\/de\\\/#\\\/schema\\\/logo\\\/image\\\/\",\"url\":\"https:\\\/\\\/fondacijamilosbikovic.org\\\/wp-content\\\/uploads\\\/2023\\\/11\\\/logo@x2.png\",\"contentUrl\":\"https:\\\/\\\/fondacijamilosbikovic.org\\\/wp-content\\\/uploads\\\/2023\\\/11\\\/logo@x2.png\",\"width\":800,\"height\":182,\"caption\":\"Fondacija Milo\u0161 Bikovi\u0107\"},\"image\":{\"@id\":\"https:\\\/\\\/fondacijamilosbikovic.org\\\/de\\\/#\\\/schema\\\/logo\\\/image\\\/\"},\"sameAs\":[\"https:\\\/\\\/www.facebook.com\\\/fondacijabikovic\"]},{\"@type\":\"Person\",\"@id\":\"https:\\\/\\\/fondacijamilosbikovic.org\\\/de\\\/#\\\/schema\\\/person\\\/336800589049adc86a57eabb2d8a4cac\",\"name\":\"Fondacija Milo\u0161 Bikovi\u0107\",\"image\":{\"@type\":\"ImageObject\",\"inLanguage\":\"de\",\"@id\":\"https:\\\/\\\/secure.gravatar.com\\\/avatar\\\/d80abda3d2370dcab520376353139bc0671b983b15d0e2bb43c12d61ab3f6026?s=96&d=mm&r=g\",\"url\":\"https:\\\/\\\/secure.gravatar.com\\\/avatar\\\/d80abda3d2370dcab520376353139bc0671b983b15d0e2bb43c12d61ab3f6026?s=96&d=mm&r=g\",\"contentUrl\":\"https:\\\/\\\/secure.gravatar.com\\\/avatar\\\/d80abda3d2370dcab520376353139bc0671b983b15d0e2bb43c12d61ab3f6026?s=96&d=mm&r=g\",\"caption\":\"Fondacija Milo\u0161 Bikovi\u0107\"},\"sameAs\":[\"https:\\\/\\\/fondacijamilosbikovic.org\"],\"url\":\"https:\\\/\\\/fondacijamilosbikovic.org\\\/de\\\/author\\\/fondacija_admin\\\/\"}]}<\/script>\n<!-- \/ Yoast SEO plugin. -->","yoast_head_json":{"title":"James Beach: Was befindet sich auf der anderen Seite eines Schwarzen Lochs? - Fondacija Milo\u0161 Bikovi\u0107","robots":{"index":"index","follow":"follow","max-snippet":"max-snippet:-1","max-image-preview":"max-image-preview:large","max-video-preview":"max-video-preview:-1"},"canonical":"https:\/\/fondacijamilosbikovic.org\/de\/james-beach-was-befindet-sich-auf-der-anderen-seite-eines-schwarzen-lochs\/","og_locale":"de_DE","og_type":"article","og_title":"James Beach: Was befindet sich auf der anderen Seite eines Schwarzen Lochs? - Fondacija Milo\u0161 Bikovi\u0107","og_description":"Am 25. Mai 2024. Belgrad hatte das Privileg, einen der angesehensten Wissenschaftler der Gegenwart zu beherbergen \u2013 James Bycham, einen amerikanischen Physiker, der sich mit experimenteller [\u2026]","og_url":"https:\/\/fondacijamilosbikovic.org\/de\/james-beach-was-befindet-sich-auf-der-anderen-seite-eines-schwarzen-lochs\/","og_site_name":"Fondacija Milo\u0161 Bikovi\u0107","article_publisher":"https:\/\/www.facebook.com\/fondacijabikovic","article_published_time":"2024-08-19T13:31:42+00:00","article_modified_time":"2024-08-28T22:21:47+00:00","og_image":[{"width":1920,"height":1008,"url":"https:\/\/fondacijamilosbikovic.org\/wp-content\/uploads\/2024\/08\/Forum_Znanja_2024.jpg","type":"image\/jpeg"}],"author":"Fondacija Milo\u0161 Bikovi\u0107","twitter_card":"summary_large_image","twitter_misc":{"Verfasst von":"Fondacija Milo\u0161 Bikovi\u0107","Gesch\u00e4tzte Lesezeit":"2\u00a0Minuten"},"schema":{"@context":"https:\/\/schema.org","@graph":[{"@type":"Article","@id":"https:\/\/fondacijamilosbikovic.org\/de\/james-beach-was-befindet-sich-auf-der-anderen-seite-eines-schwarzen-lochs\/#article","isPartOf":{"@id":"https:\/\/fondacijamilosbikovic.org\/de\/james-beach-was-befindet-sich-auf-der-anderen-seite-eines-schwarzen-lochs\/"},"author":{"name":"Fondacija Milo\u0161 Bikovi\u0107","@id":"https:\/\/fondacijamilosbikovic.org\/de\/#\/schema\/person\/336800589049adc86a57eabb2d8a4cac"},"headline":"James Beach: Was befindet sich auf der anderen Seite eines Schwarzen Lochs?","datePublished":"2024-08-19T13:31:42+00:00","dateModified":"2024-08-28T22:21:47+00:00","mainEntityOfPage":{"@id":"https:\/\/fondacijamilosbikovic.org\/de\/james-beach-was-befindet-sich-auf-der-anderen-seite-eines-schwarzen-lochs\/"},"wordCount":395,"publisher":{"@id":"https:\/\/fondacijamilosbikovic.org\/de\/#organization"},"image":{"@id":"https:\/\/fondacijamilosbikovic.org\/de\/james-beach-was-befindet-sich-auf-der-anderen-seite-eines-schwarzen-lochs\/#primaryimage"},"thumbnailUrl":"https:\/\/fondacijamilosbikovic.org\/wp-content\/uploads\/2024\/08\/Forum_Znanja_2024.jpg","articleSection":["Unkategorisiert"],"inLanguage":"de"},{"@type":"WebPage","@id":"https:\/\/fondacijamilosbikovic.org\/de\/james-beach-was-befindet-sich-auf-der-anderen-seite-eines-schwarzen-lochs\/","url":"https:\/\/fondacijamilosbikovic.org\/de\/james-beach-was-befindet-sich-auf-der-anderen-seite-eines-schwarzen-lochs\/","name":"James Beach: Was befindet sich auf der anderen Seite eines Schwarzen Lochs? - Fondacija Milo\u0161 Bikovi\u0107","isPartOf":{"@id":"https:\/\/fondacijamilosbikovic.org\/de\/#website"},"primaryImageOfPage":{"@id":"https:\/\/fondacijamilosbikovic.org\/de\/james-beach-was-befindet-sich-auf-der-anderen-seite-eines-schwarzen-lochs\/#primaryimage"},"image":{"@id":"https:\/\/fondacijamilosbikovic.org\/de\/james-beach-was-befindet-sich-auf-der-anderen-seite-eines-schwarzen-lochs\/#primaryimage"},"thumbnailUrl":"https:\/\/fondacijamilosbikovic.org\/wp-content\/uploads\/2024\/08\/Forum_Znanja_2024.jpg","datePublished":"2024-08-19T13:31:42+00:00","dateModified":"2024-08-28T22:21:47+00:00","breadcrumb":{"@id":"https:\/\/fondacijamilosbikovic.org\/de\/james-beach-was-befindet-sich-auf-der-anderen-seite-eines-schwarzen-lochs\/#breadcrumb"},"inLanguage":"de","potentialAction":[{"@type":"ReadAction","target":["https:\/\/fondacijamilosbikovic.org\/de\/james-beach-was-befindet-sich-auf-der-anderen-seite-eines-schwarzen-lochs\/"]}]},{"@type":"ImageObject","inLanguage":"de","@id":"https:\/\/fondacijamilosbikovic.org\/de\/james-beach-was-befindet-sich-auf-der-anderen-seite-eines-schwarzen-lochs\/#primaryimage","url":"https:\/\/fondacijamilosbikovic.org\/wp-content\/uploads\/2024\/08\/Forum_Znanja_2024.jpg","contentUrl":"https:\/\/fondacijamilosbikovic.org\/wp-content\/uploads\/2024\/08\/Forum_Znanja_2024.jpg","width":1920,"height":1008},{"@type":"BreadcrumbList","@id":"https:\/\/fondacijamilosbikovic.org\/de\/james-beach-was-befindet-sich-auf-der-anderen-seite-eines-schwarzen-lochs\/#breadcrumb","itemListElement":[{"@type":"ListItem","position":1,"name":"Home","item":"https:\/\/fondacijamilosbikovic.org\/de\/"},{"@type":"ListItem","position":2,"name":"James Beach: Was befindet sich auf der anderen Seite eines Schwarzen Lochs?"}]},{"@type":"WebSite","@id":"https:\/\/fondacijamilosbikovic.org\/de\/#website","url":"https:\/\/fondacijamilosbikovic.org\/de\/","name":"Fondacija Milo\u0161 Bikovi\u0107","description":"Energija talenata, iskustvo stru\u010dnjaka -\u00a0za\u00a0bolji\u00a0svet.","publisher":{"@id":"https:\/\/fondacijamilosbikovic.org\/de\/#organization"},"potentialAction":[{"@type":"SearchAction","target":{"@type":"EntryPoint","urlTemplate":"https:\/\/fondacijamilosbikovic.org\/de\/?s={search_term_string}"},"query-input":{"@type":"PropertyValueSpecification","valueRequired":true,"valueName":"search_term_string"}}],"inLanguage":"de"},{"@type":"Organization","@id":"https:\/\/fondacijamilosbikovic.org\/de\/#organization","name":"Fondacija Milo\u0161 Bikovi\u0107","url":"https:\/\/fondacijamilosbikovic.org\/de\/","logo":{"@type":"ImageObject","inLanguage":"de","@id":"https:\/\/fondacijamilosbikovic.org\/de\/#\/schema\/logo\/image\/","url":"https:\/\/fondacijamilosbikovic.org\/wp-content\/uploads\/2023\/11\/logo@x2.png","contentUrl":"https:\/\/fondacijamilosbikovic.org\/wp-content\/uploads\/2023\/11\/logo@x2.png","width":800,"height":182,"caption":"Fondacija Milo\u0161 Bikovi\u0107"},"image":{"@id":"https:\/\/fondacijamilosbikovic.org\/de\/#\/schema\/logo\/image\/"},"sameAs":["https:\/\/www.facebook.com\/fondacijabikovic"]},{"@type":"Person","@id":"https:\/\/fondacijamilosbikovic.org\/de\/#\/schema\/person\/336800589049adc86a57eabb2d8a4cac","name":"Fondacija Milo\u0161 Bikovi\u0107","image":{"@type":"ImageObject","inLanguage":"de","@id":"https:\/\/secure.gravatar.com\/avatar\/d80abda3d2370dcab520376353139bc0671b983b15d0e2bb43c12d61ab3f6026?s=96&d=mm&r=g","url":"https:\/\/secure.gravatar.com\/avatar\/d80abda3d2370dcab520376353139bc0671b983b15d0e2bb43c12d61ab3f6026?s=96&d=mm&r=g","contentUrl":"https:\/\/secure.gravatar.com\/avatar\/d80abda3d2370dcab520376353139bc0671b983b15d0e2bb43c12d61ab3f6026?s=96&d=mm&r=g","caption":"Fondacija Milo\u0161 Bikovi\u0107"},"sameAs":["https:\/\/fondacijamilosbikovic.org"],"url":"https:\/\/fondacijamilosbikovic.org\/de\/author\/fondacija_admin\/"}]}},"_links":{"self":[{"href":"https:\/\/fondacijamilosbikovic.org\/de\/wp-json\/wp\/v2\/posts\/705","targetHints":{"allow":["GET"]}}],"collection":[{"href":"https:\/\/fondacijamilosbikovic.org\/de\/wp-json\/wp\/v2\/posts"}],"about":[{"href":"https:\/\/fondacijamilosbikovic.org\/de\/wp-json\/wp\/v2\/types\/post"}],"author":[{"embeddable":true,"href":"https:\/\/fondacijamilosbikovic.org\/de\/wp-json\/wp\/v2\/users\/1"}],"replies":[{"embeddable":true,"href":"https:\/\/fondacijamilosbikovic.org\/de\/wp-json\/wp\/v2\/comments?post=705"}],"version-history":[{"count":2,"href":"https:\/\/fondacijamilosbikovic.org\/de\/wp-json\/wp\/v2\/posts\/705\/revisions"}],"predecessor-version":[{"id":716,"href":"https:\/\/fondacijamilosbikovic.org\/de\/wp-json\/wp\/v2\/posts\/705\/revisions\/716"}],"wp:featuredmedia":[{"embeddable":true,"href":"https:\/\/fondacijamilosbikovic.org\/de\/wp-json\/wp\/v2\/media\/702"}],"wp:attachment":[{"href":"https:\/\/fondacijamilosbikovic.org\/de\/wp-json\/wp\/v2\/media?parent=705"}],"wp:term":[{"taxonomy":"category","embeddable":true,"href":"https:\/\/fondacijamilosbikovic.org\/de\/wp-json\/wp\/v2\/categories?post=705"},{"taxonomy":"post_tag","embeddable":true,"href":"https:\/\/fondacijamilosbikovic.org\/de\/wp-json\/wp\/v2\/tags?post=705"}],"curies":[{"name":"wp","href":"https:\/\/api.w.org\/{rel}","templated":true}]}}