{"id":713,"date":"2024-08-28T22:15:42","date_gmt":"2024-08-28T22:15:42","guid":{"rendered":"https:\/\/fondacijamilosbikovic.org\/warum-ist-schlaf-notwendig-um-zu-ueberleben\/"},"modified":"2024-08-28T22:20:12","modified_gmt":"2024-08-28T22:20:12","slug":"warum-ist-schlaf-notwendig-um-zu-ueberleben","status":"publish","type":"post","link":"https:\/\/fondacijamilosbikovic.org\/de\/warum-ist-schlaf-notwendig-um-zu-ueberleben\/","title":{"rendered":"Warum ist Schlaf notwendig, um zu \u00fcberleben?"},"content":{"rendered":"<p>Zu Gast bei unserer Konferenz &#8222;Netzwerk \u2013 Wissensforum&#8220; war Dragana Rogulja, Neurowissenschaftlerin und Assistenzprofessorin am Institut f\u00fcr Neurobiologie der Harvard Medical School.<br \/>\nSie ist 25 Jahre alt. Mai 2024. In Belgrad hielt sie einen Vortrag zum Thema &#8222;Warum ist Schlaf \u00fcberlebensnotwendig?&#8220; (&#8222;Warum ist Schlaf \u00fcberlebenswichtig?&#8220;).<\/p>\n<p>In ihrem faszinierenden Vortrag stellt Dragana Rogulja die neuesten, bahnbrechenden Entdeckungen aus ihrem Forschungslabor, <a href=\"https:\/\/roguljalab.hms.harvard.edu\/\">dem Rogulja Lab<\/a>, in Harvard vor.<\/p>\n<p>Sie enth\u00fcllte, wie ihr Team ein Modell des Verhaltens von M\u00e4usen und Fruchtfliegen verwendet, um die neuronalen Schaltkreise zu untersuchen, die interne Zust\u00e4nde mit motiviertem Verhalten verbinden.<br \/>\nLange Zeit ging man davon aus, dass der Schlaf eng mit dem Gehirn zusammenh\u00e4ngt, doch Draganas Team zeigt, dass auch Tiere ohne Gehirn die F\u00e4higkeit zum Schlafen besitzen.<\/p>\n<p>Wenn der Schlaf keinen grundlegenden Zweck erf\u00fcllt, wird er als der gr\u00f6\u00dfte Fehler der Evolution angesehen.<\/p>\n<p>Da es jedoch \u00fcberlebt hat, gehen Wissenschaftler davon aus, dass es immer noch eine lebenswichtige Funktion in unserem K\u00f6rper haben muss.<\/p>\n<p>Erfahren Sie, wie Schlafentzug die Bildung von freien Radikalen im Darm beeinflusst und den Tod beschleunigt, sowie welche Rolle freie Radikale bei der Stimulierung der Erneuerung von Darmzellen spielen.<br \/>\nWie \u00fcberm\u00e4\u00dfiger Schlafentzug das Gleichgewicht der N\u00e4hrstoffe im Darm st\u00f6rt und wie Schlafauff\u00fcllung dieses Gleichgewicht wiederherstellen kann.<\/p>\n<p>Finden Sie auch heraus, wie wir das Gehirn dazu bringen k\u00f6nnen, sich schl\u00e4frig zu f\u00fchlen, und wie unser Darm uns trotzdem sagt, dass Schlaf notwendig ist.<\/p>\n<p>Den Vortrag von Dragana Rogulja k\u00f6nnen Sie sich in voller L\u00e4nge auf unserem <a href=\"https:\/\/www.youtube.com\/watch?v=_pwSP8t7jCI\" target=\"_blank\" rel=\"noopener\">YouTube-Kanal<\/a> ansehen.<\/p>\n","protected":false},"excerpt":{"rendered":"<p>Zu Gast bei unserer Konferenz &#8222;Netzwerk \u2013 Wissensforum&#8220; war Dragana Rogulja, Neurowissenschaftlerin und Assistenzprofessorin am Institut f\u00fcr Neurobiologie der Harvard Medical School. Sie ist 25 Jahre<span class=\"excerpt-hellip\"> [\u2026]<\/span><\/p>\n","protected":false},"author":1,"featured_media":710,"comment_status":"closed","ping_status":"open","sticky":false,"template":"","format":"standard","meta":{"footnotes":""},"categories":[165],"tags":[166,171,172,168,169,167,170],"class_list":["post-713","post","type-post","status-publish","format-standard","has-post-thumbnail","hentry","category-wissen-online","tag-dragana-rogulja-de","tag-evolution-de","tag-gedarme","tag-harvard-de","tag-labor-rogulja","tag-neurobiologie","tag-schlafen"],"yoast_head":"<!-- This site is optimized with the Yoast SEO plugin v27.4 - https:\/\/yoast.com\/product\/yoast-seo-wordpress\/ -->\n<title>Warum ist Schlaf notwendig, um zu \u00fcberleben? - Fondacija Milo\u0161 Bikovi\u0107<\/title>\n<meta name=\"description\" content=\"Draga Rogulja, Neurowissenschaftlerin und Assistenzprofessorin am Institut f\u00fcr Neurobiologie der Harvard Medical School.\" \/>\n<meta name=\"robots\" content=\"index, follow, max-snippet:-1, max-image-preview:large, max-video-preview:-1\" \/>\n<link rel=\"canonical\" href=\"https:\/\/fondacijamilosbikovic.org\/de\/warum-ist-schlaf-notwendig-um-zu-ueberleben\/\" \/>\n<meta property=\"og:locale\" content=\"de_DE\" \/>\n<meta property=\"og:type\" content=\"article\" \/>\n<meta property=\"og:title\" content=\"Warum ist Schlaf notwendig, um zu \u00fcberleben? - Fondacija Milo\u0161 Bikovi\u0107\" \/>\n<meta property=\"og:description\" content=\"Draga Rogulja, Neurowissenschaftlerin und Assistenzprofessorin am Institut f\u00fcr Neurobiologie der Harvard Medical School.\" \/>\n<meta property=\"og:url\" content=\"https:\/\/fondacijamilosbikovic.org\/de\/warum-ist-schlaf-notwendig-um-zu-ueberleben\/\" \/>\n<meta property=\"og:site_name\" content=\"Fondacija Milo\u0161 Bikovi\u0107\" \/>\n<meta property=\"article:publisher\" content=\"https:\/\/www.facebook.com\/fondacijabikovic\" \/>\n<meta property=\"article:published_time\" content=\"2024-08-28T22:15:42+00:00\" \/>\n<meta property=\"article:modified_time\" content=\"2024-08-28T22:20:12+00:00\" \/>\n<meta property=\"og:image\" content=\"https:\/\/fondacijamilosbikovic.org\/wp-content\/uploads\/2024\/08\/spavanje-neophodno.jpg\" \/>\n\t<meta property=\"og:image:width\" content=\"1920\" \/>\n\t<meta property=\"og:image:height\" content=\"1008\" \/>\n\t<meta property=\"og:image:type\" content=\"image\/jpeg\" \/>\n<meta name=\"author\" content=\"Fondacija Milo\u0161 Bikovi\u0107\" \/>\n<meta name=\"twitter:card\" content=\"summary_large_image\" \/>\n<meta name=\"twitter:label1\" content=\"Verfasst von\" \/>\n\t<meta name=\"twitter:data1\" content=\"Fondacija Milo\u0161 Bikovi\u0107\" \/>\n\t<meta name=\"twitter:label2\" content=\"Gesch\u00e4tzte Lesezeit\" \/>\n\t<meta name=\"twitter:data2\" content=\"2\u00a0Minuten\" \/>\n<script type=\"application\/ld+json\" class=\"yoast-schema-graph\">{\"@context\":\"https:\\\/\\\/schema.org\",\"@graph\":[{\"@type\":\"Article\",\"@id\":\"https:\\\/\\\/fondacijamilosbikovic.org\\\/de\\\/warum-ist-schlaf-notwendig-um-zu-ueberleben\\\/#article\",\"isPartOf\":{\"@id\":\"https:\\\/\\\/fondacijamilosbikovic.org\\\/de\\\/warum-ist-schlaf-notwendig-um-zu-ueberleben\\\/\"},\"author\":{\"name\":\"Fondacija Milo\u0161 Bikovi\u0107\",\"@id\":\"https:\\\/\\\/fondacijamilosbikovic.org\\\/de\\\/#\\\/schema\\\/person\\\/336800589049adc86a57eabb2d8a4cac\"},\"headline\":\"Warum ist Schlaf notwendig, um zu \u00fcberleben?\",\"datePublished\":\"2024-08-28T22:15:42+00:00\",\"dateModified\":\"2024-08-28T22:20:12+00:00\",\"mainEntityOfPage\":{\"@id\":\"https:\\\/\\\/fondacijamilosbikovic.org\\\/de\\\/warum-ist-schlaf-notwendig-um-zu-ueberleben\\\/\"},\"wordCount\":266,\"publisher\":{\"@id\":\"https:\\\/\\\/fondacijamilosbikovic.org\\\/de\\\/#organization\"},\"image\":{\"@id\":\"https:\\\/\\\/fondacijamilosbikovic.org\\\/de\\\/warum-ist-schlaf-notwendig-um-zu-ueberleben\\\/#primaryimage\"},\"thumbnailUrl\":\"https:\\\/\\\/fondacijamilosbikovic.org\\\/wp-content\\\/uploads\\\/2024\\\/08\\\/spavanje-neophodno.jpg\",\"keywords\":[\"Dragana Rogulja\",\"Evolution\",\"Ged\u00e4rme\",\"Harvard\",\"Labor Rogulja\",\"Neurobiologie\",\"Schlafen\"],\"articleSection\":[\"Wissen online\"],\"inLanguage\":\"de\"},{\"@type\":\"WebPage\",\"@id\":\"https:\\\/\\\/fondacijamilosbikovic.org\\\/de\\\/warum-ist-schlaf-notwendig-um-zu-ueberleben\\\/\",\"url\":\"https:\\\/\\\/fondacijamilosbikovic.org\\\/de\\\/warum-ist-schlaf-notwendig-um-zu-ueberleben\\\/\",\"name\":\"Warum ist Schlaf notwendig, um zu \u00fcberleben? - Fondacija Milo\u0161 Bikovi\u0107\",\"isPartOf\":{\"@id\":\"https:\\\/\\\/fondacijamilosbikovic.org\\\/de\\\/#website\"},\"primaryImageOfPage\":{\"@id\":\"https:\\\/\\\/fondacijamilosbikovic.org\\\/de\\\/warum-ist-schlaf-notwendig-um-zu-ueberleben\\\/#primaryimage\"},\"image\":{\"@id\":\"https:\\\/\\\/fondacijamilosbikovic.org\\\/de\\\/warum-ist-schlaf-notwendig-um-zu-ueberleben\\\/#primaryimage\"},\"thumbnailUrl\":\"https:\\\/\\\/fondacijamilosbikovic.org\\\/wp-content\\\/uploads\\\/2024\\\/08\\\/spavanje-neophodno.jpg\",\"datePublished\":\"2024-08-28T22:15:42+00:00\",\"dateModified\":\"2024-08-28T22:20:12+00:00\",\"description\":\"Draga Rogulja, Neurowissenschaftlerin und Assistenzprofessorin am Institut f\u00fcr Neurobiologie der Harvard Medical School.\",\"breadcrumb\":{\"@id\":\"https:\\\/\\\/fondacijamilosbikovic.org\\\/de\\\/warum-ist-schlaf-notwendig-um-zu-ueberleben\\\/#breadcrumb\"},\"inLanguage\":\"de\",\"potentialAction\":[{\"@type\":\"ReadAction\",\"target\":[\"https:\\\/\\\/fondacijamilosbikovic.org\\\/de\\\/warum-ist-schlaf-notwendig-um-zu-ueberleben\\\/\"]}]},{\"@type\":\"ImageObject\",\"inLanguage\":\"de\",\"@id\":\"https:\\\/\\\/fondacijamilosbikovic.org\\\/de\\\/warum-ist-schlaf-notwendig-um-zu-ueberleben\\\/#primaryimage\",\"url\":\"https:\\\/\\\/fondacijamilosbikovic.org\\\/wp-content\\\/uploads\\\/2024\\\/08\\\/spavanje-neophodno.jpg\",\"contentUrl\":\"https:\\\/\\\/fondacijamilosbikovic.org\\\/wp-content\\\/uploads\\\/2024\\\/08\\\/spavanje-neophodno.jpg\",\"width\":1920,\"height\":1008},{\"@type\":\"BreadcrumbList\",\"@id\":\"https:\\\/\\\/fondacijamilosbikovic.org\\\/de\\\/warum-ist-schlaf-notwendig-um-zu-ueberleben\\\/#breadcrumb\",\"itemListElement\":[{\"@type\":\"ListItem\",\"position\":1,\"name\":\"Home\",\"item\":\"https:\\\/\\\/fondacijamilosbikovic.org\\\/de\\\/\"},{\"@type\":\"ListItem\",\"position\":2,\"name\":\"Warum ist Schlaf notwendig, um zu \u00fcberleben?\"}]},{\"@type\":\"WebSite\",\"@id\":\"https:\\\/\\\/fondacijamilosbikovic.org\\\/de\\\/#website\",\"url\":\"https:\\\/\\\/fondacijamilosbikovic.org\\\/de\\\/\",\"name\":\"Fondacija Milo\u0161 Bikovi\u0107\",\"description\":\"Energija talenata, iskustvo stru\u010dnjaka -\u00a0za\u00a0bolji\u00a0svet.\",\"publisher\":{\"@id\":\"https:\\\/\\\/fondacijamilosbikovic.org\\\/de\\\/#organization\"},\"potentialAction\":[{\"@type\":\"SearchAction\",\"target\":{\"@type\":\"EntryPoint\",\"urlTemplate\":\"https:\\\/\\\/fondacijamilosbikovic.org\\\/de\\\/?s={search_term_string}\"},\"query-input\":{\"@type\":\"PropertyValueSpecification\",\"valueRequired\":true,\"valueName\":\"search_term_string\"}}],\"inLanguage\":\"de\"},{\"@type\":\"Organization\",\"@id\":\"https:\\\/\\\/fondacijamilosbikovic.org\\\/de\\\/#organization\",\"name\":\"Fondacija Milo\u0161 Bikovi\u0107\",\"url\":\"https:\\\/\\\/fondacijamilosbikovic.org\\\/de\\\/\",\"logo\":{\"@type\":\"ImageObject\",\"inLanguage\":\"de\",\"@id\":\"https:\\\/\\\/fondacijamilosbikovic.org\\\/de\\\/#\\\/schema\\\/logo\\\/image\\\/\",\"url\":\"https:\\\/\\\/fondacijamilosbikovic.org\\\/wp-content\\\/uploads\\\/2023\\\/11\\\/logo@x2.png\",\"contentUrl\":\"https:\\\/\\\/fondacijamilosbikovic.org\\\/wp-content\\\/uploads\\\/2023\\\/11\\\/logo@x2.png\",\"width\":800,\"height\":182,\"caption\":\"Fondacija Milo\u0161 Bikovi\u0107\"},\"image\":{\"@id\":\"https:\\\/\\\/fondacijamilosbikovic.org\\\/de\\\/#\\\/schema\\\/logo\\\/image\\\/\"},\"sameAs\":[\"https:\\\/\\\/www.facebook.com\\\/fondacijabikovic\"]},{\"@type\":\"Person\",\"@id\":\"https:\\\/\\\/fondacijamilosbikovic.org\\\/de\\\/#\\\/schema\\\/person\\\/336800589049adc86a57eabb2d8a4cac\",\"name\":\"Fondacija Milo\u0161 Bikovi\u0107\",\"image\":{\"@type\":\"ImageObject\",\"inLanguage\":\"de\",\"@id\":\"https:\\\/\\\/secure.gravatar.com\\\/avatar\\\/d80abda3d2370dcab520376353139bc0671b983b15d0e2bb43c12d61ab3f6026?s=96&d=mm&r=g\",\"url\":\"https:\\\/\\\/secure.gravatar.com\\\/avatar\\\/d80abda3d2370dcab520376353139bc0671b983b15d0e2bb43c12d61ab3f6026?s=96&d=mm&r=g\",\"contentUrl\":\"https:\\\/\\\/secure.gravatar.com\\\/avatar\\\/d80abda3d2370dcab520376353139bc0671b983b15d0e2bb43c12d61ab3f6026?s=96&d=mm&r=g\",\"caption\":\"Fondacija Milo\u0161 Bikovi\u0107\"},\"sameAs\":[\"https:\\\/\\\/fondacijamilosbikovic.org\"],\"url\":\"https:\\\/\\\/fondacijamilosbikovic.org\\\/de\\\/author\\\/fondacija_admin\\\/\"}]}<\/script>\n<!-- \/ Yoast SEO plugin. -->","yoast_head_json":{"title":"Warum ist Schlaf notwendig, um zu \u00fcberleben? - Fondacija Milo\u0161 Bikovi\u0107","description":"Draga Rogulja, Neurowissenschaftlerin und Assistenzprofessorin am Institut f\u00fcr Neurobiologie der Harvard Medical School.","robots":{"index":"index","follow":"follow","max-snippet":"max-snippet:-1","max-image-preview":"max-image-preview:large","max-video-preview":"max-video-preview:-1"},"canonical":"https:\/\/fondacijamilosbikovic.org\/de\/warum-ist-schlaf-notwendig-um-zu-ueberleben\/","og_locale":"de_DE","og_type":"article","og_title":"Warum ist Schlaf notwendig, um zu \u00fcberleben? - Fondacija Milo\u0161 Bikovi\u0107","og_description":"Draga Rogulja, Neurowissenschaftlerin und Assistenzprofessorin am Institut f\u00fcr Neurobiologie der Harvard Medical School.","og_url":"https:\/\/fondacijamilosbikovic.org\/de\/warum-ist-schlaf-notwendig-um-zu-ueberleben\/","og_site_name":"Fondacija Milo\u0161 Bikovi\u0107","article_publisher":"https:\/\/www.facebook.com\/fondacijabikovic","article_published_time":"2024-08-28T22:15:42+00:00","article_modified_time":"2024-08-28T22:20:12+00:00","og_image":[{"width":1920,"height":1008,"url":"https:\/\/fondacijamilosbikovic.org\/wp-content\/uploads\/2024\/08\/spavanje-neophodno.jpg","type":"image\/jpeg"}],"author":"Fondacija Milo\u0161 Bikovi\u0107","twitter_card":"summary_large_image","twitter_misc":{"Verfasst von":"Fondacija Milo\u0161 Bikovi\u0107","Gesch\u00e4tzte Lesezeit":"2\u00a0Minuten"},"schema":{"@context":"https:\/\/schema.org","@graph":[{"@type":"Article","@id":"https:\/\/fondacijamilosbikovic.org\/de\/warum-ist-schlaf-notwendig-um-zu-ueberleben\/#article","isPartOf":{"@id":"https:\/\/fondacijamilosbikovic.org\/de\/warum-ist-schlaf-notwendig-um-zu-ueberleben\/"},"author":{"name":"Fondacija Milo\u0161 Bikovi\u0107","@id":"https:\/\/fondacijamilosbikovic.org\/de\/#\/schema\/person\/336800589049adc86a57eabb2d8a4cac"},"headline":"Warum ist Schlaf notwendig, um zu \u00fcberleben?","datePublished":"2024-08-28T22:15:42+00:00","dateModified":"2024-08-28T22:20:12+00:00","mainEntityOfPage":{"@id":"https:\/\/fondacijamilosbikovic.org\/de\/warum-ist-schlaf-notwendig-um-zu-ueberleben\/"},"wordCount":266,"publisher":{"@id":"https:\/\/fondacijamilosbikovic.org\/de\/#organization"},"image":{"@id":"https:\/\/fondacijamilosbikovic.org\/de\/warum-ist-schlaf-notwendig-um-zu-ueberleben\/#primaryimage"},"thumbnailUrl":"https:\/\/fondacijamilosbikovic.org\/wp-content\/uploads\/2024\/08\/spavanje-neophodno.jpg","keywords":["Dragana Rogulja","Evolution","Ged\u00e4rme","Harvard","Labor Rogulja","Neurobiologie","Schlafen"],"articleSection":["Wissen online"],"inLanguage":"de"},{"@type":"WebPage","@id":"https:\/\/fondacijamilosbikovic.org\/de\/warum-ist-schlaf-notwendig-um-zu-ueberleben\/","url":"https:\/\/fondacijamilosbikovic.org\/de\/warum-ist-schlaf-notwendig-um-zu-ueberleben\/","name":"Warum ist Schlaf notwendig, um zu \u00fcberleben? - Fondacija Milo\u0161 Bikovi\u0107","isPartOf":{"@id":"https:\/\/fondacijamilosbikovic.org\/de\/#website"},"primaryImageOfPage":{"@id":"https:\/\/fondacijamilosbikovic.org\/de\/warum-ist-schlaf-notwendig-um-zu-ueberleben\/#primaryimage"},"image":{"@id":"https:\/\/fondacijamilosbikovic.org\/de\/warum-ist-schlaf-notwendig-um-zu-ueberleben\/#primaryimage"},"thumbnailUrl":"https:\/\/fondacijamilosbikovic.org\/wp-content\/uploads\/2024\/08\/spavanje-neophodno.jpg","datePublished":"2024-08-28T22:15:42+00:00","dateModified":"2024-08-28T22:20:12+00:00","description":"Draga Rogulja, Neurowissenschaftlerin und Assistenzprofessorin am Institut f\u00fcr Neurobiologie der Harvard Medical School.","breadcrumb":{"@id":"https:\/\/fondacijamilosbikovic.org\/de\/warum-ist-schlaf-notwendig-um-zu-ueberleben\/#breadcrumb"},"inLanguage":"de","potentialAction":[{"@type":"ReadAction","target":["https:\/\/fondacijamilosbikovic.org\/de\/warum-ist-schlaf-notwendig-um-zu-ueberleben\/"]}]},{"@type":"ImageObject","inLanguage":"de","@id":"https:\/\/fondacijamilosbikovic.org\/de\/warum-ist-schlaf-notwendig-um-zu-ueberleben\/#primaryimage","url":"https:\/\/fondacijamilosbikovic.org\/wp-content\/uploads\/2024\/08\/spavanje-neophodno.jpg","contentUrl":"https:\/\/fondacijamilosbikovic.org\/wp-content\/uploads\/2024\/08\/spavanje-neophodno.jpg","width":1920,"height":1008},{"@type":"BreadcrumbList","@id":"https:\/\/fondacijamilosbikovic.org\/de\/warum-ist-schlaf-notwendig-um-zu-ueberleben\/#breadcrumb","itemListElement":[{"@type":"ListItem","position":1,"name":"Home","item":"https:\/\/fondacijamilosbikovic.org\/de\/"},{"@type":"ListItem","position":2,"name":"Warum ist Schlaf notwendig, um zu \u00fcberleben?"}]},{"@type":"WebSite","@id":"https:\/\/fondacijamilosbikovic.org\/de\/#website","url":"https:\/\/fondacijamilosbikovic.org\/de\/","name":"Fondacija Milo\u0161 Bikovi\u0107","description":"Energija talenata, iskustvo stru\u010dnjaka -\u00a0za\u00a0bolji\u00a0svet.","publisher":{"@id":"https:\/\/fondacijamilosbikovic.org\/de\/#organization"},"potentialAction":[{"@type":"SearchAction","target":{"@type":"EntryPoint","urlTemplate":"https:\/\/fondacijamilosbikovic.org\/de\/?s={search_term_string}"},"query-input":{"@type":"PropertyValueSpecification","valueRequired":true,"valueName":"search_term_string"}}],"inLanguage":"de"},{"@type":"Organization","@id":"https:\/\/fondacijamilosbikovic.org\/de\/#organization","name":"Fondacija Milo\u0161 Bikovi\u0107","url":"https:\/\/fondacijamilosbikovic.org\/de\/","logo":{"@type":"ImageObject","inLanguage":"de","@id":"https:\/\/fondacijamilosbikovic.org\/de\/#\/schema\/logo\/image\/","url":"https:\/\/fondacijamilosbikovic.org\/wp-content\/uploads\/2023\/11\/logo@x2.png","contentUrl":"https:\/\/fondacijamilosbikovic.org\/wp-content\/uploads\/2023\/11\/logo@x2.png","width":800,"height":182,"caption":"Fondacija Milo\u0161 Bikovi\u0107"},"image":{"@id":"https:\/\/fondacijamilosbikovic.org\/de\/#\/schema\/logo\/image\/"},"sameAs":["https:\/\/www.facebook.com\/fondacijabikovic"]},{"@type":"Person","@id":"https:\/\/fondacijamilosbikovic.org\/de\/#\/schema\/person\/336800589049adc86a57eabb2d8a4cac","name":"Fondacija Milo\u0161 Bikovi\u0107","image":{"@type":"ImageObject","inLanguage":"de","@id":"https:\/\/secure.gravatar.com\/avatar\/d80abda3d2370dcab520376353139bc0671b983b15d0e2bb43c12d61ab3f6026?s=96&d=mm&r=g","url":"https:\/\/secure.gravatar.com\/avatar\/d80abda3d2370dcab520376353139bc0671b983b15d0e2bb43c12d61ab3f6026?s=96&d=mm&r=g","contentUrl":"https:\/\/secure.gravatar.com\/avatar\/d80abda3d2370dcab520376353139bc0671b983b15d0e2bb43c12d61ab3f6026?s=96&d=mm&r=g","caption":"Fondacija Milo\u0161 Bikovi\u0107"},"sameAs":["https:\/\/fondacijamilosbikovic.org"],"url":"https:\/\/fondacijamilosbikovic.org\/de\/author\/fondacija_admin\/"}]}},"_links":{"self":[{"href":"https:\/\/fondacijamilosbikovic.org\/de\/wp-json\/wp\/v2\/posts\/713","targetHints":{"allow":["GET"]}}],"collection":[{"href":"https:\/\/fondacijamilosbikovic.org\/de\/wp-json\/wp\/v2\/posts"}],"about":[{"href":"https:\/\/fondacijamilosbikovic.org\/de\/wp-json\/wp\/v2\/types\/post"}],"author":[{"embeddable":true,"href":"https:\/\/fondacijamilosbikovic.org\/de\/wp-json\/wp\/v2\/users\/1"}],"replies":[{"embeddable":true,"href":"https:\/\/fondacijamilosbikovic.org\/de\/wp-json\/wp\/v2\/comments?post=713"}],"version-history":[{"count":1,"href":"https:\/\/fondacijamilosbikovic.org\/de\/wp-json\/wp\/v2\/posts\/713\/revisions"}],"predecessor-version":[{"id":714,"href":"https:\/\/fondacijamilosbikovic.org\/de\/wp-json\/wp\/v2\/posts\/713\/revisions\/714"}],"wp:featuredmedia":[{"embeddable":true,"href":"https:\/\/fondacijamilosbikovic.org\/de\/wp-json\/wp\/v2\/media\/710"}],"wp:attachment":[{"href":"https:\/\/fondacijamilosbikovic.org\/de\/wp-json\/wp\/v2\/media?parent=713"}],"wp:term":[{"taxonomy":"category","embeddable":true,"href":"https:\/\/fondacijamilosbikovic.org\/de\/wp-json\/wp\/v2\/categories?post=713"},{"taxonomy":"post_tag","embeddable":true,"href":"https:\/\/fondacijamilosbikovic.org\/de\/wp-json\/wp\/v2\/tags?post=713"}],"curies":[{"name":"wp","href":"https:\/\/api.w.org\/{rel}","templated":true}]}}