{"id":788,"date":"2024-10-10T12:17:33","date_gmt":"2024-10-10T12:17:33","guid":{"rendered":"https:\/\/fondacijamilosbikovic.org\/tell-me-about-it-gastauftritt-bei-rts-anlaesslich-der-promotion-des-projekts\/"},"modified":"2024-10-10T12:21:07","modified_gmt":"2024-10-10T12:21:07","slug":"tell-me-about-it-gastauftritt-bei-rts-anlaesslich-der-promotion-des-projekts","status":"publish","type":"post","link":"https:\/\/fondacijamilosbikovic.org\/de\/tell-me-about-it-gastauftritt-bei-rts-anlaesslich-der-promotion-des-projekts\/","title":{"rendered":"&#8222;Tell Me About It&#8220;: Gastauftritt bei RTS anl\u00e4sslich der Promotion des Projekts"},"content":{"rendered":"<p>Der Gr\u00fcnder unserer Stiftung, Milo\u0161 Bikovi\u0107, war zusammen mit einer der Teilnehmerinnen unseres Pilotprojekts, Ana Rankovi\u0107, Studentin der Wirtschaftswissenschaften, zu Gast in der Sendung &#8222;Ein guter Tag&#8220; in der ersten Sendung des serbischen Rundfunkfernsehens. Anlass f\u00fcr den Besuch war ein Mini-Projekt unserer Sch\u00fcler, genannt &#8222;Tell me about it&#8220;.<\/p>\n<p>Es ist eine Initiative junger Menschen, um \u00fcber Themen der psychischen Gesundheit zu sprechen. Die Initiative wird am 10. Oktober, dem Welttag der psychischen Gesundheit, umgesetzt, wenn unsere Studierenden Gespr\u00e4chspartner zu diesem Thema, Experten und Pers\u00f6nlichkeiten des \u00f6ffentlichen Lebens, im Rahmen einer Podiumsdiskussion begr\u00fc\u00dfen werden.<\/p>\n<p>Die Veranstaltung findet ab 17:30 Uhr im Impact Hub in Belgrad (Makedonska 21) statt.<\/p>\n<p>Mehr Details \u00fcber die Veranstaltung, die G\u00e4ste und die Organisation selbst erf\u00e4hrst du <a href=\"https:\/\/www.youtube.com\/watch?v=WLazweK2_7Y\">im Interview<\/a>, \u00fcber all das werden wir in den kommenden Tagen ausf\u00fchrlich berichten.<\/p>\n","protected":false},"excerpt":{"rendered":"<p>Der Gr\u00fcnder unserer Stiftung, Milo\u0161 Bikovi\u0107, war zusammen mit einer der Teilnehmerinnen unseres Pilotprojekts, Ana Rankovi\u0107, Studentin der Wirtschaftswissenschaften, zu Gast in der Sendung &#8222;Ein guter<span class=\"excerpt-hellip\"> [\u2026]<\/span><\/p>\n","protected":false},"author":1,"featured_media":780,"comment_status":"closed","ping_status":"open","sticky":false,"template":"","format":"standard","meta":{"footnotes":""},"categories":[4],"tags":[],"class_list":["post-788","post","type-post","status-publish","format-standard","has-post-thumbnail","hentry","category-unkategorisiert"],"yoast_head":"<!-- This site is optimized with the Yoast SEO plugin v27.4 - https:\/\/yoast.com\/product\/yoast-seo-wordpress\/ -->\n<title>&quot;Tell Me About It&quot;: Gastauftritt bei RTS anl\u00e4sslich der Promotion des Projekts - Fondacija Milo\u0161 Bikovi\u0107<\/title>\n<meta name=\"robots\" content=\"index, follow, max-snippet:-1, max-image-preview:large, max-video-preview:-1\" \/>\n<link rel=\"canonical\" href=\"https:\/\/fondacijamilosbikovic.org\/de\/tell-me-about-it-gastauftritt-bei-rts-anlaesslich-der-promotion-des-projekts\/\" \/>\n<meta property=\"og:locale\" content=\"de_DE\" \/>\n<meta property=\"og:type\" content=\"article\" \/>\n<meta property=\"og:title\" content=\"&quot;Tell Me About It&quot;: Gastauftritt bei RTS anl\u00e4sslich der Promotion des Projekts - Fondacija Milo\u0161 Bikovi\u0107\" \/>\n<meta property=\"og:description\" content=\"Der Gr\u00fcnder unserer Stiftung, Milo\u0161 Bikovi\u0107, war zusammen mit einer der Teilnehmerinnen unseres Pilotprojekts, Ana Rankovi\u0107, Studentin der Wirtschaftswissenschaften, zu Gast in der Sendung &#8222;Ein guter [\u2026]\" \/>\n<meta property=\"og:url\" content=\"https:\/\/fondacijamilosbikovic.org\/de\/tell-me-about-it-gastauftritt-bei-rts-anlaesslich-der-promotion-des-projekts\/\" \/>\n<meta property=\"og:site_name\" content=\"Fondacija Milo\u0161 Bikovi\u0107\" \/>\n<meta property=\"article:publisher\" content=\"https:\/\/www.facebook.com\/fondacijabikovic\" \/>\n<meta property=\"article:published_time\" content=\"2024-10-10T12:17:33+00:00\" \/>\n<meta property=\"article:modified_time\" content=\"2024-10-10T12:21:07+00:00\" \/>\n<meta property=\"og:image\" content=\"https:\/\/fondacijamilosbikovic.org\/wp-content\/uploads\/2024\/10\/prica.jpg\" \/>\n\t<meta property=\"og:image:width\" content=\"1920\" \/>\n\t<meta property=\"og:image:height\" content=\"1008\" \/>\n\t<meta property=\"og:image:type\" content=\"image\/jpeg\" \/>\n<meta name=\"author\" content=\"Fondacija Milo\u0161 Bikovi\u0107\" \/>\n<meta name=\"twitter:card\" content=\"summary_large_image\" \/>\n<meta name=\"twitter:label1\" content=\"Verfasst von\" \/>\n\t<meta name=\"twitter:data1\" content=\"Fondacija Milo\u0161 Bikovi\u0107\" \/>\n\t<meta name=\"twitter:label2\" content=\"Gesch\u00e4tzte Lesezeit\" \/>\n\t<meta name=\"twitter:data2\" content=\"1\u00a0Minute\" \/>\n<script type=\"application\/ld+json\" class=\"yoast-schema-graph\">{\"@context\":\"https:\\\/\\\/schema.org\",\"@graph\":[{\"@type\":\"Article\",\"@id\":\"https:\\\/\\\/fondacijamilosbikovic.org\\\/de\\\/tell-me-about-it-gastauftritt-bei-rts-anlaesslich-der-promotion-des-projekts\\\/#article\",\"isPartOf\":{\"@id\":\"https:\\\/\\\/fondacijamilosbikovic.org\\\/de\\\/tell-me-about-it-gastauftritt-bei-rts-anlaesslich-der-promotion-des-projekts\\\/\"},\"author\":{\"name\":\"Fondacija Milo\u0161 Bikovi\u0107\",\"@id\":\"https:\\\/\\\/fondacijamilosbikovic.org\\\/de\\\/#\\\/schema\\\/person\\\/336800589049adc86a57eabb2d8a4cac\"},\"headline\":\"&#8222;Tell Me About It&#8220;: Gastauftritt bei RTS anl\u00e4sslich der Promotion des Projekts\",\"datePublished\":\"2024-10-10T12:17:33+00:00\",\"dateModified\":\"2024-10-10T12:21:07+00:00\",\"mainEntityOfPage\":{\"@id\":\"https:\\\/\\\/fondacijamilosbikovic.org\\\/de\\\/tell-me-about-it-gastauftritt-bei-rts-anlaesslich-der-promotion-des-projekts\\\/\"},\"wordCount\":152,\"publisher\":{\"@id\":\"https:\\\/\\\/fondacijamilosbikovic.org\\\/de\\\/#organization\"},\"image\":{\"@id\":\"https:\\\/\\\/fondacijamilosbikovic.org\\\/de\\\/tell-me-about-it-gastauftritt-bei-rts-anlaesslich-der-promotion-des-projekts\\\/#primaryimage\"},\"thumbnailUrl\":\"https:\\\/\\\/fondacijamilosbikovic.org\\\/wp-content\\\/uploads\\\/2024\\\/10\\\/prica.jpg\",\"articleSection\":[\"Unkategorisiert\"],\"inLanguage\":\"de\"},{\"@type\":\"WebPage\",\"@id\":\"https:\\\/\\\/fondacijamilosbikovic.org\\\/de\\\/tell-me-about-it-gastauftritt-bei-rts-anlaesslich-der-promotion-des-projekts\\\/\",\"url\":\"https:\\\/\\\/fondacijamilosbikovic.org\\\/de\\\/tell-me-about-it-gastauftritt-bei-rts-anlaesslich-der-promotion-des-projekts\\\/\",\"name\":\"\\\"Tell Me About It\\\": Gastauftritt bei RTS anl\u00e4sslich der Promotion des Projekts - Fondacija Milo\u0161 Bikovi\u0107\",\"isPartOf\":{\"@id\":\"https:\\\/\\\/fondacijamilosbikovic.org\\\/de\\\/#website\"},\"primaryImageOfPage\":{\"@id\":\"https:\\\/\\\/fondacijamilosbikovic.org\\\/de\\\/tell-me-about-it-gastauftritt-bei-rts-anlaesslich-der-promotion-des-projekts\\\/#primaryimage\"},\"image\":{\"@id\":\"https:\\\/\\\/fondacijamilosbikovic.org\\\/de\\\/tell-me-about-it-gastauftritt-bei-rts-anlaesslich-der-promotion-des-projekts\\\/#primaryimage\"},\"thumbnailUrl\":\"https:\\\/\\\/fondacijamilosbikovic.org\\\/wp-content\\\/uploads\\\/2024\\\/10\\\/prica.jpg\",\"datePublished\":\"2024-10-10T12:17:33+00:00\",\"dateModified\":\"2024-10-10T12:21:07+00:00\",\"breadcrumb\":{\"@id\":\"https:\\\/\\\/fondacijamilosbikovic.org\\\/de\\\/tell-me-about-it-gastauftritt-bei-rts-anlaesslich-der-promotion-des-projekts\\\/#breadcrumb\"},\"inLanguage\":\"de\",\"potentialAction\":[{\"@type\":\"ReadAction\",\"target\":[\"https:\\\/\\\/fondacijamilosbikovic.org\\\/de\\\/tell-me-about-it-gastauftritt-bei-rts-anlaesslich-der-promotion-des-projekts\\\/\"]}]},{\"@type\":\"ImageObject\",\"inLanguage\":\"de\",\"@id\":\"https:\\\/\\\/fondacijamilosbikovic.org\\\/de\\\/tell-me-about-it-gastauftritt-bei-rts-anlaesslich-der-promotion-des-projekts\\\/#primaryimage\",\"url\":\"https:\\\/\\\/fondacijamilosbikovic.org\\\/wp-content\\\/uploads\\\/2024\\\/10\\\/prica.jpg\",\"contentUrl\":\"https:\\\/\\\/fondacijamilosbikovic.org\\\/wp-content\\\/uploads\\\/2024\\\/10\\\/prica.jpg\",\"width\":1920,\"height\":1008},{\"@type\":\"BreadcrumbList\",\"@id\":\"https:\\\/\\\/fondacijamilosbikovic.org\\\/de\\\/tell-me-about-it-gastauftritt-bei-rts-anlaesslich-der-promotion-des-projekts\\\/#breadcrumb\",\"itemListElement\":[{\"@type\":\"ListItem\",\"position\":1,\"name\":\"Home\",\"item\":\"https:\\\/\\\/fondacijamilosbikovic.org\\\/de\\\/\"},{\"@type\":\"ListItem\",\"position\":2,\"name\":\"&#8220;Tell Me About It&#8221;: Gastauftritt bei RTS anl\u00e4sslich der Promotion des Projekts\"}]},{\"@type\":\"WebSite\",\"@id\":\"https:\\\/\\\/fondacijamilosbikovic.org\\\/de\\\/#website\",\"url\":\"https:\\\/\\\/fondacijamilosbikovic.org\\\/de\\\/\",\"name\":\"Fondacija Milo\u0161 Bikovi\u0107\",\"description\":\"Energija talenata, iskustvo stru\u010dnjaka -\u00a0za\u00a0bolji\u00a0svet.\",\"publisher\":{\"@id\":\"https:\\\/\\\/fondacijamilosbikovic.org\\\/de\\\/#organization\"},\"potentialAction\":[{\"@type\":\"SearchAction\",\"target\":{\"@type\":\"EntryPoint\",\"urlTemplate\":\"https:\\\/\\\/fondacijamilosbikovic.org\\\/de\\\/?s={search_term_string}\"},\"query-input\":{\"@type\":\"PropertyValueSpecification\",\"valueRequired\":true,\"valueName\":\"search_term_string\"}}],\"inLanguage\":\"de\"},{\"@type\":\"Organization\",\"@id\":\"https:\\\/\\\/fondacijamilosbikovic.org\\\/de\\\/#organization\",\"name\":\"Fondacija Milo\u0161 Bikovi\u0107\",\"url\":\"https:\\\/\\\/fondacijamilosbikovic.org\\\/de\\\/\",\"logo\":{\"@type\":\"ImageObject\",\"inLanguage\":\"de\",\"@id\":\"https:\\\/\\\/fondacijamilosbikovic.org\\\/de\\\/#\\\/schema\\\/logo\\\/image\\\/\",\"url\":\"https:\\\/\\\/fondacijamilosbikovic.org\\\/wp-content\\\/uploads\\\/2023\\\/11\\\/logo@x2.png\",\"contentUrl\":\"https:\\\/\\\/fondacijamilosbikovic.org\\\/wp-content\\\/uploads\\\/2023\\\/11\\\/logo@x2.png\",\"width\":800,\"height\":182,\"caption\":\"Fondacija Milo\u0161 Bikovi\u0107\"},\"image\":{\"@id\":\"https:\\\/\\\/fondacijamilosbikovic.org\\\/de\\\/#\\\/schema\\\/logo\\\/image\\\/\"},\"sameAs\":[\"https:\\\/\\\/www.facebook.com\\\/fondacijabikovic\"]},{\"@type\":\"Person\",\"@id\":\"https:\\\/\\\/fondacijamilosbikovic.org\\\/de\\\/#\\\/schema\\\/person\\\/336800589049adc86a57eabb2d8a4cac\",\"name\":\"Fondacija Milo\u0161 Bikovi\u0107\",\"image\":{\"@type\":\"ImageObject\",\"inLanguage\":\"de\",\"@id\":\"https:\\\/\\\/secure.gravatar.com\\\/avatar\\\/d80abda3d2370dcab520376353139bc0671b983b15d0e2bb43c12d61ab3f6026?s=96&d=mm&r=g\",\"url\":\"https:\\\/\\\/secure.gravatar.com\\\/avatar\\\/d80abda3d2370dcab520376353139bc0671b983b15d0e2bb43c12d61ab3f6026?s=96&d=mm&r=g\",\"contentUrl\":\"https:\\\/\\\/secure.gravatar.com\\\/avatar\\\/d80abda3d2370dcab520376353139bc0671b983b15d0e2bb43c12d61ab3f6026?s=96&d=mm&r=g\",\"caption\":\"Fondacija Milo\u0161 Bikovi\u0107\"},\"sameAs\":[\"https:\\\/\\\/fondacijamilosbikovic.org\"],\"url\":\"https:\\\/\\\/fondacijamilosbikovic.org\\\/de\\\/author\\\/fondacija_admin\\\/\"}]}<\/script>\n<!-- \/ Yoast SEO plugin. -->","yoast_head_json":{"title":"\"Tell Me About It\": Gastauftritt bei RTS anl\u00e4sslich der Promotion des Projekts - Fondacija Milo\u0161 Bikovi\u0107","robots":{"index":"index","follow":"follow","max-snippet":"max-snippet:-1","max-image-preview":"max-image-preview:large","max-video-preview":"max-video-preview:-1"},"canonical":"https:\/\/fondacijamilosbikovic.org\/de\/tell-me-about-it-gastauftritt-bei-rts-anlaesslich-der-promotion-des-projekts\/","og_locale":"de_DE","og_type":"article","og_title":"\"Tell Me About It\": Gastauftritt bei RTS anl\u00e4sslich der Promotion des Projekts - Fondacija Milo\u0161 Bikovi\u0107","og_description":"Der Gr\u00fcnder unserer Stiftung, Milo\u0161 Bikovi\u0107, war zusammen mit einer der Teilnehmerinnen unseres Pilotprojekts, Ana Rankovi\u0107, Studentin der Wirtschaftswissenschaften, zu Gast in der Sendung &#8222;Ein guter [\u2026]","og_url":"https:\/\/fondacijamilosbikovic.org\/de\/tell-me-about-it-gastauftritt-bei-rts-anlaesslich-der-promotion-des-projekts\/","og_site_name":"Fondacija Milo\u0161 Bikovi\u0107","article_publisher":"https:\/\/www.facebook.com\/fondacijabikovic","article_published_time":"2024-10-10T12:17:33+00:00","article_modified_time":"2024-10-10T12:21:07+00:00","og_image":[{"width":1920,"height":1008,"url":"https:\/\/fondacijamilosbikovic.org\/wp-content\/uploads\/2024\/10\/prica.jpg","type":"image\/jpeg"}],"author":"Fondacija Milo\u0161 Bikovi\u0107","twitter_card":"summary_large_image","twitter_misc":{"Verfasst von":"Fondacija Milo\u0161 Bikovi\u0107","Gesch\u00e4tzte Lesezeit":"1\u00a0Minute"},"schema":{"@context":"https:\/\/schema.org","@graph":[{"@type":"Article","@id":"https:\/\/fondacijamilosbikovic.org\/de\/tell-me-about-it-gastauftritt-bei-rts-anlaesslich-der-promotion-des-projekts\/#article","isPartOf":{"@id":"https:\/\/fondacijamilosbikovic.org\/de\/tell-me-about-it-gastauftritt-bei-rts-anlaesslich-der-promotion-des-projekts\/"},"author":{"name":"Fondacija Milo\u0161 Bikovi\u0107","@id":"https:\/\/fondacijamilosbikovic.org\/de\/#\/schema\/person\/336800589049adc86a57eabb2d8a4cac"},"headline":"&#8222;Tell Me About It&#8220;: Gastauftritt bei RTS anl\u00e4sslich der Promotion des Projekts","datePublished":"2024-10-10T12:17:33+00:00","dateModified":"2024-10-10T12:21:07+00:00","mainEntityOfPage":{"@id":"https:\/\/fondacijamilosbikovic.org\/de\/tell-me-about-it-gastauftritt-bei-rts-anlaesslich-der-promotion-des-projekts\/"},"wordCount":152,"publisher":{"@id":"https:\/\/fondacijamilosbikovic.org\/de\/#organization"},"image":{"@id":"https:\/\/fondacijamilosbikovic.org\/de\/tell-me-about-it-gastauftritt-bei-rts-anlaesslich-der-promotion-des-projekts\/#primaryimage"},"thumbnailUrl":"https:\/\/fondacijamilosbikovic.org\/wp-content\/uploads\/2024\/10\/prica.jpg","articleSection":["Unkategorisiert"],"inLanguage":"de"},{"@type":"WebPage","@id":"https:\/\/fondacijamilosbikovic.org\/de\/tell-me-about-it-gastauftritt-bei-rts-anlaesslich-der-promotion-des-projekts\/","url":"https:\/\/fondacijamilosbikovic.org\/de\/tell-me-about-it-gastauftritt-bei-rts-anlaesslich-der-promotion-des-projekts\/","name":"\"Tell Me About It\": Gastauftritt bei RTS anl\u00e4sslich der Promotion des Projekts - Fondacija Milo\u0161 Bikovi\u0107","isPartOf":{"@id":"https:\/\/fondacijamilosbikovic.org\/de\/#website"},"primaryImageOfPage":{"@id":"https:\/\/fondacijamilosbikovic.org\/de\/tell-me-about-it-gastauftritt-bei-rts-anlaesslich-der-promotion-des-projekts\/#primaryimage"},"image":{"@id":"https:\/\/fondacijamilosbikovic.org\/de\/tell-me-about-it-gastauftritt-bei-rts-anlaesslich-der-promotion-des-projekts\/#primaryimage"},"thumbnailUrl":"https:\/\/fondacijamilosbikovic.org\/wp-content\/uploads\/2024\/10\/prica.jpg","datePublished":"2024-10-10T12:17:33+00:00","dateModified":"2024-10-10T12:21:07+00:00","breadcrumb":{"@id":"https:\/\/fondacijamilosbikovic.org\/de\/tell-me-about-it-gastauftritt-bei-rts-anlaesslich-der-promotion-des-projekts\/#breadcrumb"},"inLanguage":"de","potentialAction":[{"@type":"ReadAction","target":["https:\/\/fondacijamilosbikovic.org\/de\/tell-me-about-it-gastauftritt-bei-rts-anlaesslich-der-promotion-des-projekts\/"]}]},{"@type":"ImageObject","inLanguage":"de","@id":"https:\/\/fondacijamilosbikovic.org\/de\/tell-me-about-it-gastauftritt-bei-rts-anlaesslich-der-promotion-des-projekts\/#primaryimage","url":"https:\/\/fondacijamilosbikovic.org\/wp-content\/uploads\/2024\/10\/prica.jpg","contentUrl":"https:\/\/fondacijamilosbikovic.org\/wp-content\/uploads\/2024\/10\/prica.jpg","width":1920,"height":1008},{"@type":"BreadcrumbList","@id":"https:\/\/fondacijamilosbikovic.org\/de\/tell-me-about-it-gastauftritt-bei-rts-anlaesslich-der-promotion-des-projekts\/#breadcrumb","itemListElement":[{"@type":"ListItem","position":1,"name":"Home","item":"https:\/\/fondacijamilosbikovic.org\/de\/"},{"@type":"ListItem","position":2,"name":"&#8220;Tell Me About It&#8221;: Gastauftritt bei RTS anl\u00e4sslich der Promotion des Projekts"}]},{"@type":"WebSite","@id":"https:\/\/fondacijamilosbikovic.org\/de\/#website","url":"https:\/\/fondacijamilosbikovic.org\/de\/","name":"Fondacija Milo\u0161 Bikovi\u0107","description":"Energija talenata, iskustvo stru\u010dnjaka -\u00a0za\u00a0bolji\u00a0svet.","publisher":{"@id":"https:\/\/fondacijamilosbikovic.org\/de\/#organization"},"potentialAction":[{"@type":"SearchAction","target":{"@type":"EntryPoint","urlTemplate":"https:\/\/fondacijamilosbikovic.org\/de\/?s={search_term_string}"},"query-input":{"@type":"PropertyValueSpecification","valueRequired":true,"valueName":"search_term_string"}}],"inLanguage":"de"},{"@type":"Organization","@id":"https:\/\/fondacijamilosbikovic.org\/de\/#organization","name":"Fondacija Milo\u0161 Bikovi\u0107","url":"https:\/\/fondacijamilosbikovic.org\/de\/","logo":{"@type":"ImageObject","inLanguage":"de","@id":"https:\/\/fondacijamilosbikovic.org\/de\/#\/schema\/logo\/image\/","url":"https:\/\/fondacijamilosbikovic.org\/wp-content\/uploads\/2023\/11\/logo@x2.png","contentUrl":"https:\/\/fondacijamilosbikovic.org\/wp-content\/uploads\/2023\/11\/logo@x2.png","width":800,"height":182,"caption":"Fondacija Milo\u0161 Bikovi\u0107"},"image":{"@id":"https:\/\/fondacijamilosbikovic.org\/de\/#\/schema\/logo\/image\/"},"sameAs":["https:\/\/www.facebook.com\/fondacijabikovic"]},{"@type":"Person","@id":"https:\/\/fondacijamilosbikovic.org\/de\/#\/schema\/person\/336800589049adc86a57eabb2d8a4cac","name":"Fondacija Milo\u0161 Bikovi\u0107","image":{"@type":"ImageObject","inLanguage":"de","@id":"https:\/\/secure.gravatar.com\/avatar\/d80abda3d2370dcab520376353139bc0671b983b15d0e2bb43c12d61ab3f6026?s=96&d=mm&r=g","url":"https:\/\/secure.gravatar.com\/avatar\/d80abda3d2370dcab520376353139bc0671b983b15d0e2bb43c12d61ab3f6026?s=96&d=mm&r=g","contentUrl":"https:\/\/secure.gravatar.com\/avatar\/d80abda3d2370dcab520376353139bc0671b983b15d0e2bb43c12d61ab3f6026?s=96&d=mm&r=g","caption":"Fondacija Milo\u0161 Bikovi\u0107"},"sameAs":["https:\/\/fondacijamilosbikovic.org"],"url":"https:\/\/fondacijamilosbikovic.org\/de\/author\/fondacija_admin\/"}]}},"_links":{"self":[{"href":"https:\/\/fondacijamilosbikovic.org\/de\/wp-json\/wp\/v2\/posts\/788","targetHints":{"allow":["GET"]}}],"collection":[{"href":"https:\/\/fondacijamilosbikovic.org\/de\/wp-json\/wp\/v2\/posts"}],"about":[{"href":"https:\/\/fondacijamilosbikovic.org\/de\/wp-json\/wp\/v2\/types\/post"}],"author":[{"embeddable":true,"href":"https:\/\/fondacijamilosbikovic.org\/de\/wp-json\/wp\/v2\/users\/1"}],"replies":[{"embeddable":true,"href":"https:\/\/fondacijamilosbikovic.org\/de\/wp-json\/wp\/v2\/comments?post=788"}],"version-history":[{"count":1,"href":"https:\/\/fondacijamilosbikovic.org\/de\/wp-json\/wp\/v2\/posts\/788\/revisions"}],"predecessor-version":[{"id":790,"href":"https:\/\/fondacijamilosbikovic.org\/de\/wp-json\/wp\/v2\/posts\/788\/revisions\/790"}],"wp:featuredmedia":[{"embeddable":true,"href":"https:\/\/fondacijamilosbikovic.org\/de\/wp-json\/wp\/v2\/media\/780"}],"wp:attachment":[{"href":"https:\/\/fondacijamilosbikovic.org\/de\/wp-json\/wp\/v2\/media?parent=788"}],"wp:term":[{"taxonomy":"category","embeddable":true,"href":"https:\/\/fondacijamilosbikovic.org\/de\/wp-json\/wp\/v2\/categories?post=788"},{"taxonomy":"post_tag","embeddable":true,"href":"https:\/\/fondacijamilosbikovic.org\/de\/wp-json\/wp\/v2\/tags?post=788"}],"curies":[{"name":"wp","href":"https:\/\/api.w.org\/{rel}","templated":true}]}}