{"id":798,"date":"2024-10-12T14:07:29","date_gmt":"2024-10-12T14:07:29","guid":{"rendered":"https:\/\/fondacijamilosbikovic.org\/youth-for-mental-health-diskussion-und-unterstuetzung-auf-dem-panel-tell-me-about-it\/"},"modified":"2024-10-12T14:12:57","modified_gmt":"2024-10-12T14:12:57","slug":"youth-for-mental-health-diskussion-und-unterstuetzung-auf-dem-panel-tell-me-about-it","status":"publish","type":"post","link":"https:\/\/fondacijamilosbikovic.org\/de\/youth-for-mental-health-diskussion-und-unterstuetzung-auf-dem-panel-tell-me-about-it\/","title":{"rendered":"Youth for Mental Health: Diskussion und Unterst\u00fctzung auf dem Panel &#8222;Tell Me About It&#8220;"},"content":{"rendered":"<p>Am Donnerstag, den 10. Oktober, veranstalteten wir in einem vollen Saal des Impact Hub in Belgrad eine Podiumsdiskussion, die von den Teilnehmern des Pilotprojekts der Stiftung initiiert wurde.<\/p>\n<p>Anl\u00e4sslich des Welttags der psychischen Gesundheit organisierte ihre Initiative <a href=\"https:\/\/www.instagram.com\/_pricajmi_\/?__d=11\">&#8222;Tell Me About It&#8220;<\/a> ein Forum mit dem Ziel, das Bewusstsein f\u00fcr psychische Gesundheit bei jungen Menschen zu sch\u00e4rfen.<\/p>\n<p>Obwohl Zuh\u00f6rer jeden Alters im Publikum waren, hatten die jungen Leute eine besonders wichtige Gelegenheit, von denen zu h\u00f6ren, die wirklich etwas dazu zu sagen haben.<\/p>\n<p>Die G\u00e4ste dieser Diskussion waren junge Frauen mit viel Erfahrung im R\u00fccken:<\/p>\n<ul>\n<li><strong>Elena \u017divi\u0107<\/strong>, Master-Psychologin und Psychotherapeutin der REBT-Orientierung, Mitglied des Teams des <a href=\"https:\/\/psihoterapijasrbija.com\/\">Mental Ball Counseling Center<\/a> und Gr\u00fcnderin von <a href=\"https:\/\/www.instagram.com\/radimonatome\/\">Work on It<\/a>, einer Initiative, die Menschen auf ihrem Weg zum Nachwuchs psychologisch unterst\u00fctzt.<\/li>\n<li><strong>Miona Markovic<\/strong> ist eine Schauspielerin aus Belgrad, die neben ihrem Beruf seit Jahren aktiv Kampagnen f\u00fcr psychische Gesundheit unterst\u00fctzt, offen \u00fcber ihre pers\u00f6nlichen Erfahrungen spricht und allen, die ihr folgen, Unterst\u00fctzung und Inspiration bietet.<\/li>\n<li><strong>Ma\u0161a Vlahovi\u0107<\/strong>, Trainer und Coach f\u00fcr die Entwicklung von Potenzialen, mit besonderem Fokus auf Team-Coaching, Business Development Experte und Leiter der Strategie- und Programmentwicklung im <a href=\"https:\/\/lifeandmindstudio.com\/\">Life &amp; Mind Studio<\/a>.<\/li>\n<\/ul>\n<p>Die Diskussion wurde von unseren Studentinnen Ana Rankovi\u0107 und Milica Zdravkovi\u0107 geleitet, w\u00e4hrend Ta\u0161a Stipsi\u0107 und Zlatan Vasovi\u0107 zusammen mit ihnen hinter der Kamera und hinter den Kulissen an der Organisation dieses Projekts teilnahmen. Die Gespr\u00e4chspartner sprachen mehrere wichtige Themen an, darunter die Frage der Stigmatisierung der psychischen Gesundheit, die Rolle von Familie und Freunden f\u00fcr die psychische Gesundheit eines Einzelnen, somatische Symptome psychischer Probleme, kollektive psychische Gesundheit und Psychotherapie.<\/p>\n<p>Besonders wichtig f\u00fcr die Teilnehmer war der Moment, in dem die G\u00e4ste ihre pers\u00f6nlichen, intimen Erfahrungen mit ihren Schwierigkeiten teilten \u2013 Probleme, den Weg zu einer L\u00f6sung, psychotherapeutische Erfahrungen, Lektionen, die sie gelernt haben.<\/p>\n<p>Dank dieses Ansatzes wuchs die Podiumsdiskussion \u00fcber den anf\u00e4nglich gesetzten Rahmen hinaus und wurde tats\u00e4chlich, zumindest f\u00fcr einen Moment, zu einem sicheren Raum, in dem sich die Teilnehmer gesch\u00fctzt und frei f\u00fchlten, Erfahrungen und Eindr\u00fccke auszutauschen und \u00fcber ihre Gef\u00fchle zu sprechen, was sich insbesondere in einer Vielzahl von Fragen an unsere G\u00e4ste nach der Veranstaltung zeigte.<\/p>\n<p>Nochmals vielen Dank an alle, die der Einladung unserer Sch\u00fclerinnen und Sch\u00fcler gefolgt sind, in der Hoffnung, dass wir uns auch an anderen Tagen des Jahres so mit dem Thema psychische Gesundheit besch\u00e4ftigen werden, wie wir es gestern getan haben.<\/p>\n","protected":false},"excerpt":{"rendered":"<p>Am Donnerstag, den 10. Oktober, veranstalteten wir in einem vollen Saal des Impact Hub in Belgrad eine Podiumsdiskussion, die von den Teilnehmern des Pilotprojekts der Stiftung<span class=\"excerpt-hellip\"> [\u2026]<\/span><\/p>\n","protected":false},"author":1,"featured_media":795,"comment_status":"closed","ping_status":"open","sticky":false,"template":"","format":"standard","meta":{"footnotes":""},"categories":[4],"tags":[298,297,304,300,302,301,303,299],"class_list":["post-798","post","type-post","status-publish","format-standard","has-post-thumbnail","hentry","category-unkategorisiert","tag-eine-diskussion-uber-psychische-gesundheit","tag-geistige-gesundheit","tag-impact-hub-de","tag-jugend-und-psychische-gesundheit","tag-podiumsdiskussion-belgrad","tag-psychische-gesundheit-junger-menschen","tag-tribune-fur-psychische-gesundheit","tag-welttag-der-psychischen-gesundheit"],"yoast_head":"<!-- This site is optimized with the Yoast SEO plugin v27.4 - https:\/\/yoast.com\/product\/yoast-seo-wordpress\/ -->\n<title>Youth for Mental Health: Diskussion und Unterst\u00fctzung auf dem Panel &quot;Tell Me About It&quot; - Fondacija Milo\u0161 Bikovi\u0107<\/title>\n<meta name=\"description\" content=\"Die Podiumsdiskussion &quot;Tell me about it&quot; brachte anl\u00e4sslich des Welttags der psychischen Gesundheit Expertinnen und Experten im Impact Hub zusammen, mit dem Ziel, junge Menschen zu sensibilisieren.\" \/>\n<meta name=\"robots\" content=\"index, follow, max-snippet:-1, max-image-preview:large, max-video-preview:-1\" \/>\n<link rel=\"canonical\" href=\"https:\/\/fondacijamilosbikovic.org\/de\/youth-for-mental-health-diskussion-und-unterstuetzung-auf-dem-panel-tell-me-about-it\/\" \/>\n<meta property=\"og:locale\" content=\"de_DE\" \/>\n<meta property=\"og:type\" content=\"article\" \/>\n<meta property=\"og:title\" content=\"Youth for Mental Health: Diskussion und Unterst\u00fctzung auf dem Panel &quot;Tell Me About It&quot; - Fondacija Milo\u0161 Bikovi\u0107\" \/>\n<meta property=\"og:description\" content=\"Die Podiumsdiskussion &quot;Tell me about it&quot; brachte anl\u00e4sslich des Welttags der psychischen Gesundheit Expertinnen und Experten im Impact Hub zusammen, mit dem Ziel, junge Menschen zu sensibilisieren.\" \/>\n<meta property=\"og:url\" content=\"https:\/\/fondacijamilosbikovic.org\/de\/youth-for-mental-health-diskussion-und-unterstuetzung-auf-dem-panel-tell-me-about-it\/\" \/>\n<meta property=\"og:site_name\" content=\"Fondacija Milo\u0161 Bikovi\u0107\" \/>\n<meta property=\"article:publisher\" content=\"https:\/\/www.facebook.com\/fondacijabikovic\" \/>\n<meta property=\"article:published_time\" content=\"2024-10-12T14:07:29+00:00\" \/>\n<meta property=\"article:modified_time\" content=\"2024-10-12T14:12:57+00:00\" \/>\n<meta property=\"og:image\" content=\"https:\/\/fondacijamilosbikovic.org\/wp-content\/uploads\/2024\/10\/pricajmi.jpg\" \/>\n\t<meta property=\"og:image:width\" content=\"1920\" \/>\n\t<meta property=\"og:image:height\" content=\"1008\" \/>\n\t<meta property=\"og:image:type\" content=\"image\/jpeg\" \/>\n<meta name=\"author\" content=\"Fondacija Milo\u0161 Bikovi\u0107\" \/>\n<meta name=\"twitter:card\" content=\"summary_large_image\" \/>\n<meta name=\"twitter:label1\" content=\"Verfasst von\" \/>\n\t<meta name=\"twitter:data1\" content=\"Fondacija Milo\u0161 Bikovi\u0107\" \/>\n\t<meta name=\"twitter:label2\" content=\"Gesch\u00e4tzte Lesezeit\" \/>\n\t<meta name=\"twitter:data2\" content=\"2\u00a0Minuten\" \/>\n<script type=\"application\/ld+json\" class=\"yoast-schema-graph\">{\"@context\":\"https:\\\/\\\/schema.org\",\"@graph\":[{\"@type\":\"Article\",\"@id\":\"https:\\\/\\\/fondacijamilosbikovic.org\\\/de\\\/youth-for-mental-health-diskussion-und-unterstuetzung-auf-dem-panel-tell-me-about-it\\\/#article\",\"isPartOf\":{\"@id\":\"https:\\\/\\\/fondacijamilosbikovic.org\\\/de\\\/youth-for-mental-health-diskussion-und-unterstuetzung-auf-dem-panel-tell-me-about-it\\\/\"},\"author\":{\"name\":\"Fondacija Milo\u0161 Bikovi\u0107\",\"@id\":\"https:\\\/\\\/fondacijamilosbikovic.org\\\/de\\\/#\\\/schema\\\/person\\\/336800589049adc86a57eabb2d8a4cac\"},\"headline\":\"Youth for Mental Health: Diskussion und Unterst\u00fctzung auf dem Panel &#8222;Tell Me About It&#8220;\",\"datePublished\":\"2024-10-12T14:07:29+00:00\",\"dateModified\":\"2024-10-12T14:12:57+00:00\",\"mainEntityOfPage\":{\"@id\":\"https:\\\/\\\/fondacijamilosbikovic.org\\\/de\\\/youth-for-mental-health-diskussion-und-unterstuetzung-auf-dem-panel-tell-me-about-it\\\/\"},\"wordCount\":437,\"publisher\":{\"@id\":\"https:\\\/\\\/fondacijamilosbikovic.org\\\/de\\\/#organization\"},\"image\":{\"@id\":\"https:\\\/\\\/fondacijamilosbikovic.org\\\/de\\\/youth-for-mental-health-diskussion-und-unterstuetzung-auf-dem-panel-tell-me-about-it\\\/#primaryimage\"},\"thumbnailUrl\":\"https:\\\/\\\/fondacijamilosbikovic.org\\\/wp-content\\\/uploads\\\/2024\\\/10\\\/pricajmi.jpg\",\"keywords\":[\"Eine Diskussion \u00fcber psychische Gesundheit\",\"Geistige Gesundheit\",\"Impact Hub\",\"Jugend und psychische Gesundheit\",\"Podiumsdiskussion Belgrad\",\"Psychische Gesundheit junger Menschen\",\"Trib\u00fcne f\u00fcr psychische Gesundheit\",\"Welttag der psychischen Gesundheit\"],\"articleSection\":[\"Unkategorisiert\"],\"inLanguage\":\"de\"},{\"@type\":\"WebPage\",\"@id\":\"https:\\\/\\\/fondacijamilosbikovic.org\\\/de\\\/youth-for-mental-health-diskussion-und-unterstuetzung-auf-dem-panel-tell-me-about-it\\\/\",\"url\":\"https:\\\/\\\/fondacijamilosbikovic.org\\\/de\\\/youth-for-mental-health-diskussion-und-unterstuetzung-auf-dem-panel-tell-me-about-it\\\/\",\"name\":\"Youth for Mental Health: Diskussion und Unterst\u00fctzung auf dem Panel \\\"Tell Me About It\\\" - Fondacija Milo\u0161 Bikovi\u0107\",\"isPartOf\":{\"@id\":\"https:\\\/\\\/fondacijamilosbikovic.org\\\/de\\\/#website\"},\"primaryImageOfPage\":{\"@id\":\"https:\\\/\\\/fondacijamilosbikovic.org\\\/de\\\/youth-for-mental-health-diskussion-und-unterstuetzung-auf-dem-panel-tell-me-about-it\\\/#primaryimage\"},\"image\":{\"@id\":\"https:\\\/\\\/fondacijamilosbikovic.org\\\/de\\\/youth-for-mental-health-diskussion-und-unterstuetzung-auf-dem-panel-tell-me-about-it\\\/#primaryimage\"},\"thumbnailUrl\":\"https:\\\/\\\/fondacijamilosbikovic.org\\\/wp-content\\\/uploads\\\/2024\\\/10\\\/pricajmi.jpg\",\"datePublished\":\"2024-10-12T14:07:29+00:00\",\"dateModified\":\"2024-10-12T14:12:57+00:00\",\"description\":\"Die Podiumsdiskussion \\\"Tell me about it\\\" brachte anl\u00e4sslich des Welttags der psychischen Gesundheit Expertinnen und Experten im Impact Hub zusammen, mit dem Ziel, junge Menschen zu sensibilisieren.\",\"breadcrumb\":{\"@id\":\"https:\\\/\\\/fondacijamilosbikovic.org\\\/de\\\/youth-for-mental-health-diskussion-und-unterstuetzung-auf-dem-panel-tell-me-about-it\\\/#breadcrumb\"},\"inLanguage\":\"de\",\"potentialAction\":[{\"@type\":\"ReadAction\",\"target\":[\"https:\\\/\\\/fondacijamilosbikovic.org\\\/de\\\/youth-for-mental-health-diskussion-und-unterstuetzung-auf-dem-panel-tell-me-about-it\\\/\"]}]},{\"@type\":\"ImageObject\",\"inLanguage\":\"de\",\"@id\":\"https:\\\/\\\/fondacijamilosbikovic.org\\\/de\\\/youth-for-mental-health-diskussion-und-unterstuetzung-auf-dem-panel-tell-me-about-it\\\/#primaryimage\",\"url\":\"https:\\\/\\\/fondacijamilosbikovic.org\\\/wp-content\\\/uploads\\\/2024\\\/10\\\/pricajmi.jpg\",\"contentUrl\":\"https:\\\/\\\/fondacijamilosbikovic.org\\\/wp-content\\\/uploads\\\/2024\\\/10\\\/pricajmi.jpg\",\"width\":1920,\"height\":1008},{\"@type\":\"BreadcrumbList\",\"@id\":\"https:\\\/\\\/fondacijamilosbikovic.org\\\/de\\\/youth-for-mental-health-diskussion-und-unterstuetzung-auf-dem-panel-tell-me-about-it\\\/#breadcrumb\",\"itemListElement\":[{\"@type\":\"ListItem\",\"position\":1,\"name\":\"Home\",\"item\":\"https:\\\/\\\/fondacijamilosbikovic.org\\\/de\\\/\"},{\"@type\":\"ListItem\",\"position\":2,\"name\":\"Youth for Mental Health: Diskussion und Unterst\u00fctzung auf dem Panel &#8220;Tell Me About It&#8221;\"}]},{\"@type\":\"WebSite\",\"@id\":\"https:\\\/\\\/fondacijamilosbikovic.org\\\/de\\\/#website\",\"url\":\"https:\\\/\\\/fondacijamilosbikovic.org\\\/de\\\/\",\"name\":\"Fondacija Milo\u0161 Bikovi\u0107\",\"description\":\"Energija talenata, iskustvo stru\u010dnjaka -\u00a0za\u00a0bolji\u00a0svet.\",\"publisher\":{\"@id\":\"https:\\\/\\\/fondacijamilosbikovic.org\\\/de\\\/#organization\"},\"potentialAction\":[{\"@type\":\"SearchAction\",\"target\":{\"@type\":\"EntryPoint\",\"urlTemplate\":\"https:\\\/\\\/fondacijamilosbikovic.org\\\/de\\\/?s={search_term_string}\"},\"query-input\":{\"@type\":\"PropertyValueSpecification\",\"valueRequired\":true,\"valueName\":\"search_term_string\"}}],\"inLanguage\":\"de\"},{\"@type\":\"Organization\",\"@id\":\"https:\\\/\\\/fondacijamilosbikovic.org\\\/de\\\/#organization\",\"name\":\"Fondacija Milo\u0161 Bikovi\u0107\",\"url\":\"https:\\\/\\\/fondacijamilosbikovic.org\\\/de\\\/\",\"logo\":{\"@type\":\"ImageObject\",\"inLanguage\":\"de\",\"@id\":\"https:\\\/\\\/fondacijamilosbikovic.org\\\/de\\\/#\\\/schema\\\/logo\\\/image\\\/\",\"url\":\"https:\\\/\\\/fondacijamilosbikovic.org\\\/wp-content\\\/uploads\\\/2023\\\/11\\\/logo@x2.png\",\"contentUrl\":\"https:\\\/\\\/fondacijamilosbikovic.org\\\/wp-content\\\/uploads\\\/2023\\\/11\\\/logo@x2.png\",\"width\":800,\"height\":182,\"caption\":\"Fondacija Milo\u0161 Bikovi\u0107\"},\"image\":{\"@id\":\"https:\\\/\\\/fondacijamilosbikovic.org\\\/de\\\/#\\\/schema\\\/logo\\\/image\\\/\"},\"sameAs\":[\"https:\\\/\\\/www.facebook.com\\\/fondacijabikovic\"]},{\"@type\":\"Person\",\"@id\":\"https:\\\/\\\/fondacijamilosbikovic.org\\\/de\\\/#\\\/schema\\\/person\\\/336800589049adc86a57eabb2d8a4cac\",\"name\":\"Fondacija Milo\u0161 Bikovi\u0107\",\"image\":{\"@type\":\"ImageObject\",\"inLanguage\":\"de\",\"@id\":\"https:\\\/\\\/secure.gravatar.com\\\/avatar\\\/d80abda3d2370dcab520376353139bc0671b983b15d0e2bb43c12d61ab3f6026?s=96&d=mm&r=g\",\"url\":\"https:\\\/\\\/secure.gravatar.com\\\/avatar\\\/d80abda3d2370dcab520376353139bc0671b983b15d0e2bb43c12d61ab3f6026?s=96&d=mm&r=g\",\"contentUrl\":\"https:\\\/\\\/secure.gravatar.com\\\/avatar\\\/d80abda3d2370dcab520376353139bc0671b983b15d0e2bb43c12d61ab3f6026?s=96&d=mm&r=g\",\"caption\":\"Fondacija Milo\u0161 Bikovi\u0107\"},\"sameAs\":[\"https:\\\/\\\/fondacijamilosbikovic.org\"],\"url\":\"https:\\\/\\\/fondacijamilosbikovic.org\\\/de\\\/author\\\/fondacija_admin\\\/\"}]}<\/script>\n<!-- \/ Yoast SEO plugin. -->","yoast_head_json":{"title":"Youth for Mental Health: Diskussion und Unterst\u00fctzung auf dem Panel \"Tell Me About It\" - Fondacija Milo\u0161 Bikovi\u0107","description":"Die Podiumsdiskussion \"Tell me about it\" brachte anl\u00e4sslich des Welttags der psychischen Gesundheit Expertinnen und Experten im Impact Hub zusammen, mit dem Ziel, junge Menschen zu sensibilisieren.","robots":{"index":"index","follow":"follow","max-snippet":"max-snippet:-1","max-image-preview":"max-image-preview:large","max-video-preview":"max-video-preview:-1"},"canonical":"https:\/\/fondacijamilosbikovic.org\/de\/youth-for-mental-health-diskussion-und-unterstuetzung-auf-dem-panel-tell-me-about-it\/","og_locale":"de_DE","og_type":"article","og_title":"Youth for Mental Health: Diskussion und Unterst\u00fctzung auf dem Panel \"Tell Me About It\" - Fondacija Milo\u0161 Bikovi\u0107","og_description":"Die Podiumsdiskussion \"Tell me about it\" brachte anl\u00e4sslich des Welttags der psychischen Gesundheit Expertinnen und Experten im Impact Hub zusammen, mit dem Ziel, junge Menschen zu sensibilisieren.","og_url":"https:\/\/fondacijamilosbikovic.org\/de\/youth-for-mental-health-diskussion-und-unterstuetzung-auf-dem-panel-tell-me-about-it\/","og_site_name":"Fondacija Milo\u0161 Bikovi\u0107","article_publisher":"https:\/\/www.facebook.com\/fondacijabikovic","article_published_time":"2024-10-12T14:07:29+00:00","article_modified_time":"2024-10-12T14:12:57+00:00","og_image":[{"width":1920,"height":1008,"url":"https:\/\/fondacijamilosbikovic.org\/wp-content\/uploads\/2024\/10\/pricajmi.jpg","type":"image\/jpeg"}],"author":"Fondacija Milo\u0161 Bikovi\u0107","twitter_card":"summary_large_image","twitter_misc":{"Verfasst von":"Fondacija Milo\u0161 Bikovi\u0107","Gesch\u00e4tzte Lesezeit":"2\u00a0Minuten"},"schema":{"@context":"https:\/\/schema.org","@graph":[{"@type":"Article","@id":"https:\/\/fondacijamilosbikovic.org\/de\/youth-for-mental-health-diskussion-und-unterstuetzung-auf-dem-panel-tell-me-about-it\/#article","isPartOf":{"@id":"https:\/\/fondacijamilosbikovic.org\/de\/youth-for-mental-health-diskussion-und-unterstuetzung-auf-dem-panel-tell-me-about-it\/"},"author":{"name":"Fondacija Milo\u0161 Bikovi\u0107","@id":"https:\/\/fondacijamilosbikovic.org\/de\/#\/schema\/person\/336800589049adc86a57eabb2d8a4cac"},"headline":"Youth for Mental Health: Diskussion und Unterst\u00fctzung auf dem Panel &#8222;Tell Me About It&#8220;","datePublished":"2024-10-12T14:07:29+00:00","dateModified":"2024-10-12T14:12:57+00:00","mainEntityOfPage":{"@id":"https:\/\/fondacijamilosbikovic.org\/de\/youth-for-mental-health-diskussion-und-unterstuetzung-auf-dem-panel-tell-me-about-it\/"},"wordCount":437,"publisher":{"@id":"https:\/\/fondacijamilosbikovic.org\/de\/#organization"},"image":{"@id":"https:\/\/fondacijamilosbikovic.org\/de\/youth-for-mental-health-diskussion-und-unterstuetzung-auf-dem-panel-tell-me-about-it\/#primaryimage"},"thumbnailUrl":"https:\/\/fondacijamilosbikovic.org\/wp-content\/uploads\/2024\/10\/pricajmi.jpg","keywords":["Eine Diskussion \u00fcber psychische Gesundheit","Geistige Gesundheit","Impact Hub","Jugend und psychische Gesundheit","Podiumsdiskussion Belgrad","Psychische Gesundheit junger Menschen","Trib\u00fcne f\u00fcr psychische Gesundheit","Welttag der psychischen Gesundheit"],"articleSection":["Unkategorisiert"],"inLanguage":"de"},{"@type":"WebPage","@id":"https:\/\/fondacijamilosbikovic.org\/de\/youth-for-mental-health-diskussion-und-unterstuetzung-auf-dem-panel-tell-me-about-it\/","url":"https:\/\/fondacijamilosbikovic.org\/de\/youth-for-mental-health-diskussion-und-unterstuetzung-auf-dem-panel-tell-me-about-it\/","name":"Youth for Mental Health: Diskussion und Unterst\u00fctzung auf dem Panel \"Tell Me About It\" - Fondacija Milo\u0161 Bikovi\u0107","isPartOf":{"@id":"https:\/\/fondacijamilosbikovic.org\/de\/#website"},"primaryImageOfPage":{"@id":"https:\/\/fondacijamilosbikovic.org\/de\/youth-for-mental-health-diskussion-und-unterstuetzung-auf-dem-panel-tell-me-about-it\/#primaryimage"},"image":{"@id":"https:\/\/fondacijamilosbikovic.org\/de\/youth-for-mental-health-diskussion-und-unterstuetzung-auf-dem-panel-tell-me-about-it\/#primaryimage"},"thumbnailUrl":"https:\/\/fondacijamilosbikovic.org\/wp-content\/uploads\/2024\/10\/pricajmi.jpg","datePublished":"2024-10-12T14:07:29+00:00","dateModified":"2024-10-12T14:12:57+00:00","description":"Die Podiumsdiskussion \"Tell me about it\" brachte anl\u00e4sslich des Welttags der psychischen Gesundheit Expertinnen und Experten im Impact Hub zusammen, mit dem Ziel, junge Menschen zu sensibilisieren.","breadcrumb":{"@id":"https:\/\/fondacijamilosbikovic.org\/de\/youth-for-mental-health-diskussion-und-unterstuetzung-auf-dem-panel-tell-me-about-it\/#breadcrumb"},"inLanguage":"de","potentialAction":[{"@type":"ReadAction","target":["https:\/\/fondacijamilosbikovic.org\/de\/youth-for-mental-health-diskussion-und-unterstuetzung-auf-dem-panel-tell-me-about-it\/"]}]},{"@type":"ImageObject","inLanguage":"de","@id":"https:\/\/fondacijamilosbikovic.org\/de\/youth-for-mental-health-diskussion-und-unterstuetzung-auf-dem-panel-tell-me-about-it\/#primaryimage","url":"https:\/\/fondacijamilosbikovic.org\/wp-content\/uploads\/2024\/10\/pricajmi.jpg","contentUrl":"https:\/\/fondacijamilosbikovic.org\/wp-content\/uploads\/2024\/10\/pricajmi.jpg","width":1920,"height":1008},{"@type":"BreadcrumbList","@id":"https:\/\/fondacijamilosbikovic.org\/de\/youth-for-mental-health-diskussion-und-unterstuetzung-auf-dem-panel-tell-me-about-it\/#breadcrumb","itemListElement":[{"@type":"ListItem","position":1,"name":"Home","item":"https:\/\/fondacijamilosbikovic.org\/de\/"},{"@type":"ListItem","position":2,"name":"Youth for Mental Health: Diskussion und Unterst\u00fctzung auf dem Panel &#8220;Tell Me About It&#8221;"}]},{"@type":"WebSite","@id":"https:\/\/fondacijamilosbikovic.org\/de\/#website","url":"https:\/\/fondacijamilosbikovic.org\/de\/","name":"Fondacija Milo\u0161 Bikovi\u0107","description":"Energija talenata, iskustvo stru\u010dnjaka -\u00a0za\u00a0bolji\u00a0svet.","publisher":{"@id":"https:\/\/fondacijamilosbikovic.org\/de\/#organization"},"potentialAction":[{"@type":"SearchAction","target":{"@type":"EntryPoint","urlTemplate":"https:\/\/fondacijamilosbikovic.org\/de\/?s={search_term_string}"},"query-input":{"@type":"PropertyValueSpecification","valueRequired":true,"valueName":"search_term_string"}}],"inLanguage":"de"},{"@type":"Organization","@id":"https:\/\/fondacijamilosbikovic.org\/de\/#organization","name":"Fondacija Milo\u0161 Bikovi\u0107","url":"https:\/\/fondacijamilosbikovic.org\/de\/","logo":{"@type":"ImageObject","inLanguage":"de","@id":"https:\/\/fondacijamilosbikovic.org\/de\/#\/schema\/logo\/image\/","url":"https:\/\/fondacijamilosbikovic.org\/wp-content\/uploads\/2023\/11\/logo@x2.png","contentUrl":"https:\/\/fondacijamilosbikovic.org\/wp-content\/uploads\/2023\/11\/logo@x2.png","width":800,"height":182,"caption":"Fondacija Milo\u0161 Bikovi\u0107"},"image":{"@id":"https:\/\/fondacijamilosbikovic.org\/de\/#\/schema\/logo\/image\/"},"sameAs":["https:\/\/www.facebook.com\/fondacijabikovic"]},{"@type":"Person","@id":"https:\/\/fondacijamilosbikovic.org\/de\/#\/schema\/person\/336800589049adc86a57eabb2d8a4cac","name":"Fondacija Milo\u0161 Bikovi\u0107","image":{"@type":"ImageObject","inLanguage":"de","@id":"https:\/\/secure.gravatar.com\/avatar\/d80abda3d2370dcab520376353139bc0671b983b15d0e2bb43c12d61ab3f6026?s=96&d=mm&r=g","url":"https:\/\/secure.gravatar.com\/avatar\/d80abda3d2370dcab520376353139bc0671b983b15d0e2bb43c12d61ab3f6026?s=96&d=mm&r=g","contentUrl":"https:\/\/secure.gravatar.com\/avatar\/d80abda3d2370dcab520376353139bc0671b983b15d0e2bb43c12d61ab3f6026?s=96&d=mm&r=g","caption":"Fondacija Milo\u0161 Bikovi\u0107"},"sameAs":["https:\/\/fondacijamilosbikovic.org"],"url":"https:\/\/fondacijamilosbikovic.org\/de\/author\/fondacija_admin\/"}]}},"_links":{"self":[{"href":"https:\/\/fondacijamilosbikovic.org\/de\/wp-json\/wp\/v2\/posts\/798","targetHints":{"allow":["GET"]}}],"collection":[{"href":"https:\/\/fondacijamilosbikovic.org\/de\/wp-json\/wp\/v2\/posts"}],"about":[{"href":"https:\/\/fondacijamilosbikovic.org\/de\/wp-json\/wp\/v2\/types\/post"}],"author":[{"embeddable":true,"href":"https:\/\/fondacijamilosbikovic.org\/de\/wp-json\/wp\/v2\/users\/1"}],"replies":[{"embeddable":true,"href":"https:\/\/fondacijamilosbikovic.org\/de\/wp-json\/wp\/v2\/comments?post=798"}],"version-history":[{"count":1,"href":"https:\/\/fondacijamilosbikovic.org\/de\/wp-json\/wp\/v2\/posts\/798\/revisions"}],"predecessor-version":[{"id":801,"href":"https:\/\/fondacijamilosbikovic.org\/de\/wp-json\/wp\/v2\/posts\/798\/revisions\/801"}],"wp:featuredmedia":[{"embeddable":true,"href":"https:\/\/fondacijamilosbikovic.org\/de\/wp-json\/wp\/v2\/media\/795"}],"wp:attachment":[{"href":"https:\/\/fondacijamilosbikovic.org\/de\/wp-json\/wp\/v2\/media?parent=798"}],"wp:term":[{"taxonomy":"category","embeddable":true,"href":"https:\/\/fondacijamilosbikovic.org\/de\/wp-json\/wp\/v2\/categories?post=798"},{"taxonomy":"post_tag","embeddable":true,"href":"https:\/\/fondacijamilosbikovic.org\/de\/wp-json\/wp\/v2\/tags?post=798"}],"curies":[{"name":"wp","href":"https:\/\/api.w.org\/{rel}","templated":true}]}}