{"id":836,"date":"2024-11-28T15:00:57","date_gmt":"2024-11-28T15:00:57","guid":{"rendered":"https:\/\/fondacijamilosbikovic.org\/die-stiftung-besteht-aus-48-mitgliedern-internationale-zeitschrift-der-studierenden-der-agrar-und-veterinaermedizin\/"},"modified":"2024-11-28T15:05:27","modified_gmt":"2024-11-28T15:05:27","slug":"die-stiftung-auf-der-48-internationalen-schau-der-studenten-der-agrar-und-veterinaermedizin","status":"publish","type":"post","link":"https:\/\/fondacijamilosbikovic.org\/de\/die-stiftung-auf-der-48-internationalen-schau-der-studenten-der-agrar-und-veterinaermedizin\/","title":{"rendered":"Die Stiftung auf der 48. Internationalen Schau der Studenten der Agrar- und Veterin\u00e4rmedizin"},"content":{"rendered":"<p>Am Freitag, den 15. November, hatten wir die Ehre, an der traditionellen 48. Internationalen Schau der Studenten der Agrar- und Veterin\u00e4rmedizin mit internationaler Beteiligung teilzunehmen, die an der <a href=\"http:\/\/polj.uns.ac.rs\/\" target=\"_blank\" rel=\"noopener\">Fakult\u00e4t f\u00fcr Landwirtschaft der Universit\u00e4t Novi Sad<\/a> stattfand. In diesem Jahr feiert die Fakult\u00e4t, als die \u00e4lteste an ihrer Universit\u00e4t, ihr 70-j\u00e4hriges Bestehen.<\/p>\n<p>An der Veranstaltung nahmen insgesamt 53 Teilnehmer teil, die die Ergebnisse ihrer Forschungsarbeiten pr\u00e4sentierten, von denen einige f\u00fcr ihre m\u00fcndlichen Vortr\u00e4ge und besten Poster ausgezeichnet wurden. Dar\u00fcber hinaus fand ein Workshop zu den Prinzipien der Offenheit, Verantwortung und Ethik in der Forschung erfolgreich statt.<\/p>\n<p>Wir hatten die einzigartige Gelegenheit, die Arbeit der Stiftung und die Ergebnisse unseres Pilotprojekts vorzustellen, das wir mit einer Gruppe von Studierenden aus ganz Serbien erfolgreich abschlie\u00dfen.<\/p>\n<p>Unser Dank gilt Professorin Dr. Mila Grahovac und Assistentin Dr. Marta Loc f\u00fcr die Einladung, Teil dieser traditionsreichen Veranstaltung zu sein, sowie f\u00fcr die M\u00f6glichkeit, mehr \u00fcber unsere Arbeit in der wissenschaftlichen Gemeinschaft zu teilen, die die Grenzen von Disziplinen, Institutionen und sogar L\u00e4ndern \u00fcberschreitet.<\/p>\n","protected":false},"excerpt":{"rendered":"<p>Am Freitag, den 15. November, hatten wir die Ehre, an der traditionellen 48. Internationalen Schau der Studenten der Agrar- und Veterin\u00e4rmedizin mit internationaler Beteiligung teilzunehmen, die<span class=\"excerpt-hellip\"> [\u2026]<\/span><\/p>\n","protected":false},"author":1,"featured_media":832,"comment_status":"closed","ping_status":"open","sticky":false,"template":"","format":"standard","meta":{"footnotes":""},"categories":[4],"tags":[383,381,386,387,385,382,276,384,50,388,108],"class_list":["post-836","post","type-post","status-publish","format-standard","has-post-thumbnail","hentry","category-unkategorisiert","tag-70-jahre-fakultat","tag-bewertung-internationaler-studenten","tag-die-arbeit-der-stiftung","tag-die-wissenschaftliche-gemeinschaft","tag-ethik-in-der-wissenschaft","tag-fakultat-fur-landwirtschaftliche-angelegenheiten","tag-galerie","tag-offenheit-in-der-forschung","tag-pilotprojekt","tag-serbien","tag-studenten"],"yoast_head":"<!-- This site is optimized with the Yoast SEO plugin v27.4 - https:\/\/yoast.com\/product\/yoast-seo-wordpress\/ -->\n<title>Die Stiftung auf der 48. Internationalen Schau der Studenten der Agrar- und Veterin\u00e4rmedizin - Fondacija Milo\u0161 Bikovi\u0107<\/title>\n<meta name=\"description\" content=\"Ich war auf 48. Bei der Internationalen Zeitschrift f\u00fcr Studenten der Agrar- und Veterin\u00e4rmedizin an der Landwirtschaftlichen Fakult\u00e4t in Novi Sad stellten sie die Arbeit der Stiftung vor und hoben die Ergebnisse des Pilotprojekts mit Studenten aus ganz Serbien hervor.\" \/>\n<meta name=\"robots\" content=\"index, follow, max-snippet:-1, max-image-preview:large, max-video-preview:-1\" \/>\n<link rel=\"canonical\" href=\"https:\/\/fondacijamilosbikovic.org\/de\/die-stiftung-auf-der-48-internationalen-schau-der-studenten-der-agrar-und-veterinaermedizin\/\" \/>\n<meta property=\"og:locale\" content=\"de_DE\" \/>\n<meta property=\"og:type\" content=\"article\" \/>\n<meta property=\"og:title\" content=\"Die Stiftung auf der 48. Internationalen Schau der Studenten der Agrar- und Veterin\u00e4rmedizin - Fondacija Milo\u0161 Bikovi\u0107\" \/>\n<meta property=\"og:description\" content=\"Ich war auf 48. Bei der Internationalen Zeitschrift f\u00fcr Studenten der Agrar- und Veterin\u00e4rmedizin an der Landwirtschaftlichen Fakult\u00e4t in Novi Sad stellten sie die Arbeit der Stiftung vor und hoben die Ergebnisse des Pilotprojekts mit Studenten aus ganz Serbien hervor.\" \/>\n<meta property=\"og:url\" content=\"https:\/\/fondacijamilosbikovic.org\/de\/die-stiftung-auf-der-48-internationalen-schau-der-studenten-der-agrar-und-veterinaermedizin\/\" \/>\n<meta property=\"og:site_name\" content=\"Fondacija Milo\u0161 Bikovi\u0107\" \/>\n<meta property=\"article:publisher\" content=\"https:\/\/www.facebook.com\/fondacijabikovic\" \/>\n<meta property=\"article:published_time\" content=\"2024-11-28T15:00:57+00:00\" \/>\n<meta property=\"article:modified_time\" content=\"2024-11-28T15:05:27+00:00\" \/>\n<meta property=\"og:image\" content=\"https:\/\/fondacijamilosbikovic.org\/wp-content\/uploads\/2024\/11\/veterine.jpg\" \/>\n\t<meta property=\"og:image:width\" content=\"1920\" \/>\n\t<meta property=\"og:image:height\" content=\"1008\" \/>\n\t<meta property=\"og:image:type\" content=\"image\/jpeg\" \/>\n<meta name=\"author\" content=\"Fondacija Milo\u0161 Bikovi\u0107\" \/>\n<meta name=\"twitter:card\" content=\"summary_large_image\" \/>\n<meta name=\"twitter:label1\" content=\"Verfasst von\" \/>\n\t<meta name=\"twitter:data1\" content=\"Fondacija Milo\u0161 Bikovi\u0107\" \/>\n\t<meta name=\"twitter:label2\" content=\"Gesch\u00e4tzte Lesezeit\" \/>\n\t<meta name=\"twitter:data2\" content=\"1\u00a0Minute\" \/>\n<script type=\"application\/ld+json\" class=\"yoast-schema-graph\">{\"@context\":\"https:\\\/\\\/schema.org\",\"@graph\":[{\"@type\":\"Article\",\"@id\":\"https:\\\/\\\/fondacijamilosbikovic.org\\\/de\\\/die-stiftung-auf-der-48-internationalen-schau-der-studenten-der-agrar-und-veterinaermedizin\\\/#article\",\"isPartOf\":{\"@id\":\"https:\\\/\\\/fondacijamilosbikovic.org\\\/de\\\/die-stiftung-auf-der-48-internationalen-schau-der-studenten-der-agrar-und-veterinaermedizin\\\/\"},\"author\":{\"name\":\"Fondacija Milo\u0161 Bikovi\u0107\",\"@id\":\"https:\\\/\\\/fondacijamilosbikovic.org\\\/de\\\/#\\\/schema\\\/person\\\/336800589049adc86a57eabb2d8a4cac\"},\"headline\":\"Die Stiftung auf der 48. Internationalen Schau der Studenten der Agrar- und Veterin\u00e4rmedizin\",\"datePublished\":\"2024-11-28T15:00:57+00:00\",\"dateModified\":\"2024-11-28T15:05:27+00:00\",\"mainEntityOfPage\":{\"@id\":\"https:\\\/\\\/fondacijamilosbikovic.org\\\/de\\\/die-stiftung-auf-der-48-internationalen-schau-der-studenten-der-agrar-und-veterinaermedizin\\\/\"},\"wordCount\":194,\"publisher\":{\"@id\":\"https:\\\/\\\/fondacijamilosbikovic.org\\\/de\\\/#organization\"},\"image\":{\"@id\":\"https:\\\/\\\/fondacijamilosbikovic.org\\\/de\\\/die-stiftung-auf-der-48-internationalen-schau-der-studenten-der-agrar-und-veterinaermedizin\\\/#primaryimage\"},\"thumbnailUrl\":\"https:\\\/\\\/fondacijamilosbikovic.org\\\/wp-content\\\/uploads\\\/2024\\\/11\\\/veterine.jpg\",\"keywords\":[\"70 Jahre Fakult\u00e4t\",\"Bewertung internationaler Studenten\",\"Die Arbeit der Stiftung\",\"Die wissenschaftliche Gemeinschaft\",\"Ethik in der Wissenschaft\",\"Fakult\u00e4t f\u00fcr Landwirtschaftliche Angelegenheiten\",\"Galerie\",\"Offenheit in der Forschung\",\"Pilotprojekt\",\"Serbien\",\"Studenten\"],\"articleSection\":[\"Unkategorisiert\"],\"inLanguage\":\"de\"},{\"@type\":\"WebPage\",\"@id\":\"https:\\\/\\\/fondacijamilosbikovic.org\\\/de\\\/die-stiftung-auf-der-48-internationalen-schau-der-studenten-der-agrar-und-veterinaermedizin\\\/\",\"url\":\"https:\\\/\\\/fondacijamilosbikovic.org\\\/de\\\/die-stiftung-auf-der-48-internationalen-schau-der-studenten-der-agrar-und-veterinaermedizin\\\/\",\"name\":\"Die Stiftung auf der 48. Internationalen Schau der Studenten der Agrar- und Veterin\u00e4rmedizin - Fondacija Milo\u0161 Bikovi\u0107\",\"isPartOf\":{\"@id\":\"https:\\\/\\\/fondacijamilosbikovic.org\\\/de\\\/#website\"},\"primaryImageOfPage\":{\"@id\":\"https:\\\/\\\/fondacijamilosbikovic.org\\\/de\\\/die-stiftung-auf-der-48-internationalen-schau-der-studenten-der-agrar-und-veterinaermedizin\\\/#primaryimage\"},\"image\":{\"@id\":\"https:\\\/\\\/fondacijamilosbikovic.org\\\/de\\\/die-stiftung-auf-der-48-internationalen-schau-der-studenten-der-agrar-und-veterinaermedizin\\\/#primaryimage\"},\"thumbnailUrl\":\"https:\\\/\\\/fondacijamilosbikovic.org\\\/wp-content\\\/uploads\\\/2024\\\/11\\\/veterine.jpg\",\"datePublished\":\"2024-11-28T15:00:57+00:00\",\"dateModified\":\"2024-11-28T15:05:27+00:00\",\"description\":\"Ich war auf 48. Bei der Internationalen Zeitschrift f\u00fcr Studenten der Agrar- und Veterin\u00e4rmedizin an der Landwirtschaftlichen Fakult\u00e4t in Novi Sad stellten sie die Arbeit der Stiftung vor und hoben die Ergebnisse des Pilotprojekts mit Studenten aus ganz Serbien hervor.\",\"breadcrumb\":{\"@id\":\"https:\\\/\\\/fondacijamilosbikovic.org\\\/de\\\/die-stiftung-auf-der-48-internationalen-schau-der-studenten-der-agrar-und-veterinaermedizin\\\/#breadcrumb\"},\"inLanguage\":\"de\",\"potentialAction\":[{\"@type\":\"ReadAction\",\"target\":[\"https:\\\/\\\/fondacijamilosbikovic.org\\\/de\\\/die-stiftung-auf-der-48-internationalen-schau-der-studenten-der-agrar-und-veterinaermedizin\\\/\"]}]},{\"@type\":\"ImageObject\",\"inLanguage\":\"de\",\"@id\":\"https:\\\/\\\/fondacijamilosbikovic.org\\\/de\\\/die-stiftung-auf-der-48-internationalen-schau-der-studenten-der-agrar-und-veterinaermedizin\\\/#primaryimage\",\"url\":\"https:\\\/\\\/fondacijamilosbikovic.org\\\/wp-content\\\/uploads\\\/2024\\\/11\\\/veterine.jpg\",\"contentUrl\":\"https:\\\/\\\/fondacijamilosbikovic.org\\\/wp-content\\\/uploads\\\/2024\\\/11\\\/veterine.jpg\",\"width\":1920,\"height\":1008},{\"@type\":\"BreadcrumbList\",\"@id\":\"https:\\\/\\\/fondacijamilosbikovic.org\\\/de\\\/die-stiftung-auf-der-48-internationalen-schau-der-studenten-der-agrar-und-veterinaermedizin\\\/#breadcrumb\",\"itemListElement\":[{\"@type\":\"ListItem\",\"position\":1,\"name\":\"Home\",\"item\":\"https:\\\/\\\/fondacijamilosbikovic.org\\\/de\\\/\"},{\"@type\":\"ListItem\",\"position\":2,\"name\":\"Die Stiftung auf der 48. Internationalen Schau der Studenten der Agrar- und Veterin\u00e4rmedizin\"}]},{\"@type\":\"WebSite\",\"@id\":\"https:\\\/\\\/fondacijamilosbikovic.org\\\/de\\\/#website\",\"url\":\"https:\\\/\\\/fondacijamilosbikovic.org\\\/de\\\/\",\"name\":\"Fondacija Milo\u0161 Bikovi\u0107\",\"description\":\"Energija talenata, iskustvo stru\u010dnjaka -\u00a0za\u00a0bolji\u00a0svet.\",\"publisher\":{\"@id\":\"https:\\\/\\\/fondacijamilosbikovic.org\\\/de\\\/#organization\"},\"potentialAction\":[{\"@type\":\"SearchAction\",\"target\":{\"@type\":\"EntryPoint\",\"urlTemplate\":\"https:\\\/\\\/fondacijamilosbikovic.org\\\/de\\\/?s={search_term_string}\"},\"query-input\":{\"@type\":\"PropertyValueSpecification\",\"valueRequired\":true,\"valueName\":\"search_term_string\"}}],\"inLanguage\":\"de\"},{\"@type\":\"Organization\",\"@id\":\"https:\\\/\\\/fondacijamilosbikovic.org\\\/de\\\/#organization\",\"name\":\"Fondacija Milo\u0161 Bikovi\u0107\",\"url\":\"https:\\\/\\\/fondacijamilosbikovic.org\\\/de\\\/\",\"logo\":{\"@type\":\"ImageObject\",\"inLanguage\":\"de\",\"@id\":\"https:\\\/\\\/fondacijamilosbikovic.org\\\/de\\\/#\\\/schema\\\/logo\\\/image\\\/\",\"url\":\"https:\\\/\\\/fondacijamilosbikovic.org\\\/wp-content\\\/uploads\\\/2023\\\/11\\\/logo@x2.png\",\"contentUrl\":\"https:\\\/\\\/fondacijamilosbikovic.org\\\/wp-content\\\/uploads\\\/2023\\\/11\\\/logo@x2.png\",\"width\":800,\"height\":182,\"caption\":\"Fondacija Milo\u0161 Bikovi\u0107\"},\"image\":{\"@id\":\"https:\\\/\\\/fondacijamilosbikovic.org\\\/de\\\/#\\\/schema\\\/logo\\\/image\\\/\"},\"sameAs\":[\"https:\\\/\\\/www.facebook.com\\\/fondacijabikovic\"]},{\"@type\":\"Person\",\"@id\":\"https:\\\/\\\/fondacijamilosbikovic.org\\\/de\\\/#\\\/schema\\\/person\\\/336800589049adc86a57eabb2d8a4cac\",\"name\":\"Fondacija Milo\u0161 Bikovi\u0107\",\"image\":{\"@type\":\"ImageObject\",\"inLanguage\":\"de\",\"@id\":\"https:\\\/\\\/secure.gravatar.com\\\/avatar\\\/d80abda3d2370dcab520376353139bc0671b983b15d0e2bb43c12d61ab3f6026?s=96&d=mm&r=g\",\"url\":\"https:\\\/\\\/secure.gravatar.com\\\/avatar\\\/d80abda3d2370dcab520376353139bc0671b983b15d0e2bb43c12d61ab3f6026?s=96&d=mm&r=g\",\"contentUrl\":\"https:\\\/\\\/secure.gravatar.com\\\/avatar\\\/d80abda3d2370dcab520376353139bc0671b983b15d0e2bb43c12d61ab3f6026?s=96&d=mm&r=g\",\"caption\":\"Fondacija Milo\u0161 Bikovi\u0107\"},\"sameAs\":[\"https:\\\/\\\/fondacijamilosbikovic.org\"],\"url\":\"https:\\\/\\\/fondacijamilosbikovic.org\\\/de\\\/author\\\/fondacija_admin\\\/\"}]}<\/script>\n<!-- \/ Yoast SEO plugin. -->","yoast_head_json":{"title":"Die Stiftung auf der 48. Internationalen Schau der Studenten der Agrar- und Veterin\u00e4rmedizin - Fondacija Milo\u0161 Bikovi\u0107","description":"Ich war auf 48. Bei der Internationalen Zeitschrift f\u00fcr Studenten der Agrar- und Veterin\u00e4rmedizin an der Landwirtschaftlichen Fakult\u00e4t in Novi Sad stellten sie die Arbeit der Stiftung vor und hoben die Ergebnisse des Pilotprojekts mit Studenten aus ganz Serbien hervor.","robots":{"index":"index","follow":"follow","max-snippet":"max-snippet:-1","max-image-preview":"max-image-preview:large","max-video-preview":"max-video-preview:-1"},"canonical":"https:\/\/fondacijamilosbikovic.org\/de\/die-stiftung-auf-der-48-internationalen-schau-der-studenten-der-agrar-und-veterinaermedizin\/","og_locale":"de_DE","og_type":"article","og_title":"Die Stiftung auf der 48. Internationalen Schau der Studenten der Agrar- und Veterin\u00e4rmedizin - Fondacija Milo\u0161 Bikovi\u0107","og_description":"Ich war auf 48. Bei der Internationalen Zeitschrift f\u00fcr Studenten der Agrar- und Veterin\u00e4rmedizin an der Landwirtschaftlichen Fakult\u00e4t in Novi Sad stellten sie die Arbeit der Stiftung vor und hoben die Ergebnisse des Pilotprojekts mit Studenten aus ganz Serbien hervor.","og_url":"https:\/\/fondacijamilosbikovic.org\/de\/die-stiftung-auf-der-48-internationalen-schau-der-studenten-der-agrar-und-veterinaermedizin\/","og_site_name":"Fondacija Milo\u0161 Bikovi\u0107","article_publisher":"https:\/\/www.facebook.com\/fondacijabikovic","article_published_time":"2024-11-28T15:00:57+00:00","article_modified_time":"2024-11-28T15:05:27+00:00","og_image":[{"width":1920,"height":1008,"url":"https:\/\/fondacijamilosbikovic.org\/wp-content\/uploads\/2024\/11\/veterine.jpg","type":"image\/jpeg"}],"author":"Fondacija Milo\u0161 Bikovi\u0107","twitter_card":"summary_large_image","twitter_misc":{"Verfasst von":"Fondacija Milo\u0161 Bikovi\u0107","Gesch\u00e4tzte Lesezeit":"1\u00a0Minute"},"schema":{"@context":"https:\/\/schema.org","@graph":[{"@type":"Article","@id":"https:\/\/fondacijamilosbikovic.org\/de\/die-stiftung-auf-der-48-internationalen-schau-der-studenten-der-agrar-und-veterinaermedizin\/#article","isPartOf":{"@id":"https:\/\/fondacijamilosbikovic.org\/de\/die-stiftung-auf-der-48-internationalen-schau-der-studenten-der-agrar-und-veterinaermedizin\/"},"author":{"name":"Fondacija Milo\u0161 Bikovi\u0107","@id":"https:\/\/fondacijamilosbikovic.org\/de\/#\/schema\/person\/336800589049adc86a57eabb2d8a4cac"},"headline":"Die Stiftung auf der 48. Internationalen Schau der Studenten der Agrar- und Veterin\u00e4rmedizin","datePublished":"2024-11-28T15:00:57+00:00","dateModified":"2024-11-28T15:05:27+00:00","mainEntityOfPage":{"@id":"https:\/\/fondacijamilosbikovic.org\/de\/die-stiftung-auf-der-48-internationalen-schau-der-studenten-der-agrar-und-veterinaermedizin\/"},"wordCount":194,"publisher":{"@id":"https:\/\/fondacijamilosbikovic.org\/de\/#organization"},"image":{"@id":"https:\/\/fondacijamilosbikovic.org\/de\/die-stiftung-auf-der-48-internationalen-schau-der-studenten-der-agrar-und-veterinaermedizin\/#primaryimage"},"thumbnailUrl":"https:\/\/fondacijamilosbikovic.org\/wp-content\/uploads\/2024\/11\/veterine.jpg","keywords":["70 Jahre Fakult\u00e4t","Bewertung internationaler Studenten","Die Arbeit der Stiftung","Die wissenschaftliche Gemeinschaft","Ethik in der Wissenschaft","Fakult\u00e4t f\u00fcr Landwirtschaftliche Angelegenheiten","Galerie","Offenheit in der Forschung","Pilotprojekt","Serbien","Studenten"],"articleSection":["Unkategorisiert"],"inLanguage":"de"},{"@type":"WebPage","@id":"https:\/\/fondacijamilosbikovic.org\/de\/die-stiftung-auf-der-48-internationalen-schau-der-studenten-der-agrar-und-veterinaermedizin\/","url":"https:\/\/fondacijamilosbikovic.org\/de\/die-stiftung-auf-der-48-internationalen-schau-der-studenten-der-agrar-und-veterinaermedizin\/","name":"Die Stiftung auf der 48. Internationalen Schau der Studenten der Agrar- und Veterin\u00e4rmedizin - Fondacija Milo\u0161 Bikovi\u0107","isPartOf":{"@id":"https:\/\/fondacijamilosbikovic.org\/de\/#website"},"primaryImageOfPage":{"@id":"https:\/\/fondacijamilosbikovic.org\/de\/die-stiftung-auf-der-48-internationalen-schau-der-studenten-der-agrar-und-veterinaermedizin\/#primaryimage"},"image":{"@id":"https:\/\/fondacijamilosbikovic.org\/de\/die-stiftung-auf-der-48-internationalen-schau-der-studenten-der-agrar-und-veterinaermedizin\/#primaryimage"},"thumbnailUrl":"https:\/\/fondacijamilosbikovic.org\/wp-content\/uploads\/2024\/11\/veterine.jpg","datePublished":"2024-11-28T15:00:57+00:00","dateModified":"2024-11-28T15:05:27+00:00","description":"Ich war auf 48. Bei der Internationalen Zeitschrift f\u00fcr Studenten der Agrar- und Veterin\u00e4rmedizin an der Landwirtschaftlichen Fakult\u00e4t in Novi Sad stellten sie die Arbeit der Stiftung vor und hoben die Ergebnisse des Pilotprojekts mit Studenten aus ganz Serbien hervor.","breadcrumb":{"@id":"https:\/\/fondacijamilosbikovic.org\/de\/die-stiftung-auf-der-48-internationalen-schau-der-studenten-der-agrar-und-veterinaermedizin\/#breadcrumb"},"inLanguage":"de","potentialAction":[{"@type":"ReadAction","target":["https:\/\/fondacijamilosbikovic.org\/de\/die-stiftung-auf-der-48-internationalen-schau-der-studenten-der-agrar-und-veterinaermedizin\/"]}]},{"@type":"ImageObject","inLanguage":"de","@id":"https:\/\/fondacijamilosbikovic.org\/de\/die-stiftung-auf-der-48-internationalen-schau-der-studenten-der-agrar-und-veterinaermedizin\/#primaryimage","url":"https:\/\/fondacijamilosbikovic.org\/wp-content\/uploads\/2024\/11\/veterine.jpg","contentUrl":"https:\/\/fondacijamilosbikovic.org\/wp-content\/uploads\/2024\/11\/veterine.jpg","width":1920,"height":1008},{"@type":"BreadcrumbList","@id":"https:\/\/fondacijamilosbikovic.org\/de\/die-stiftung-auf-der-48-internationalen-schau-der-studenten-der-agrar-und-veterinaermedizin\/#breadcrumb","itemListElement":[{"@type":"ListItem","position":1,"name":"Home","item":"https:\/\/fondacijamilosbikovic.org\/de\/"},{"@type":"ListItem","position":2,"name":"Die Stiftung auf der 48. Internationalen Schau der Studenten der Agrar- und Veterin\u00e4rmedizin"}]},{"@type":"WebSite","@id":"https:\/\/fondacijamilosbikovic.org\/de\/#website","url":"https:\/\/fondacijamilosbikovic.org\/de\/","name":"Fondacija Milo\u0161 Bikovi\u0107","description":"Energija talenata, iskustvo stru\u010dnjaka -\u00a0za\u00a0bolji\u00a0svet.","publisher":{"@id":"https:\/\/fondacijamilosbikovic.org\/de\/#organization"},"potentialAction":[{"@type":"SearchAction","target":{"@type":"EntryPoint","urlTemplate":"https:\/\/fondacijamilosbikovic.org\/de\/?s={search_term_string}"},"query-input":{"@type":"PropertyValueSpecification","valueRequired":true,"valueName":"search_term_string"}}],"inLanguage":"de"},{"@type":"Organization","@id":"https:\/\/fondacijamilosbikovic.org\/de\/#organization","name":"Fondacija Milo\u0161 Bikovi\u0107","url":"https:\/\/fondacijamilosbikovic.org\/de\/","logo":{"@type":"ImageObject","inLanguage":"de","@id":"https:\/\/fondacijamilosbikovic.org\/de\/#\/schema\/logo\/image\/","url":"https:\/\/fondacijamilosbikovic.org\/wp-content\/uploads\/2023\/11\/logo@x2.png","contentUrl":"https:\/\/fondacijamilosbikovic.org\/wp-content\/uploads\/2023\/11\/logo@x2.png","width":800,"height":182,"caption":"Fondacija Milo\u0161 Bikovi\u0107"},"image":{"@id":"https:\/\/fondacijamilosbikovic.org\/de\/#\/schema\/logo\/image\/"},"sameAs":["https:\/\/www.facebook.com\/fondacijabikovic"]},{"@type":"Person","@id":"https:\/\/fondacijamilosbikovic.org\/de\/#\/schema\/person\/336800589049adc86a57eabb2d8a4cac","name":"Fondacija Milo\u0161 Bikovi\u0107","image":{"@type":"ImageObject","inLanguage":"de","@id":"https:\/\/secure.gravatar.com\/avatar\/d80abda3d2370dcab520376353139bc0671b983b15d0e2bb43c12d61ab3f6026?s=96&d=mm&r=g","url":"https:\/\/secure.gravatar.com\/avatar\/d80abda3d2370dcab520376353139bc0671b983b15d0e2bb43c12d61ab3f6026?s=96&d=mm&r=g","contentUrl":"https:\/\/secure.gravatar.com\/avatar\/d80abda3d2370dcab520376353139bc0671b983b15d0e2bb43c12d61ab3f6026?s=96&d=mm&r=g","caption":"Fondacija Milo\u0161 Bikovi\u0107"},"sameAs":["https:\/\/fondacijamilosbikovic.org"],"url":"https:\/\/fondacijamilosbikovic.org\/de\/author\/fondacija_admin\/"}]}},"_links":{"self":[{"href":"https:\/\/fondacijamilosbikovic.org\/de\/wp-json\/wp\/v2\/posts\/836","targetHints":{"allow":["GET"]}}],"collection":[{"href":"https:\/\/fondacijamilosbikovic.org\/de\/wp-json\/wp\/v2\/posts"}],"about":[{"href":"https:\/\/fondacijamilosbikovic.org\/de\/wp-json\/wp\/v2\/types\/post"}],"author":[{"embeddable":true,"href":"https:\/\/fondacijamilosbikovic.org\/de\/wp-json\/wp\/v2\/users\/1"}],"replies":[{"embeddable":true,"href":"https:\/\/fondacijamilosbikovic.org\/de\/wp-json\/wp\/v2\/comments?post=836"}],"version-history":[{"count":1,"href":"https:\/\/fondacijamilosbikovic.org\/de\/wp-json\/wp\/v2\/posts\/836\/revisions"}],"predecessor-version":[{"id":837,"href":"https:\/\/fondacijamilosbikovic.org\/de\/wp-json\/wp\/v2\/posts\/836\/revisions\/837"}],"wp:featuredmedia":[{"embeddable":true,"href":"https:\/\/fondacijamilosbikovic.org\/de\/wp-json\/wp\/v2\/media\/832"}],"wp:attachment":[{"href":"https:\/\/fondacijamilosbikovic.org\/de\/wp-json\/wp\/v2\/media?parent=836"}],"wp:term":[{"taxonomy":"category","embeddable":true,"href":"https:\/\/fondacijamilosbikovic.org\/de\/wp-json\/wp\/v2\/categories?post=836"},{"taxonomy":"post_tag","embeddable":true,"href":"https:\/\/fondacijamilosbikovic.org\/de\/wp-json\/wp\/v2\/tags?post=836"}],"curies":[{"name":"wp","href":"https:\/\/api.w.org\/{rel}","templated":true}]}}