{"id":556,"date":"2023-11-25T19:02:01","date_gmt":"2023-11-25T19:02:01","guid":{"rendered":"https:\/\/fondacijamilosbikovic.org\/presentation-of-the-milos-bikovic-foundation-mission-goals-and-plans\/"},"modified":"2024-04-19T18:04:45","modified_gmt":"2024-04-19T18:04:45","slug":"presentation-of-the-milos-bikovic-foundation-mission-goals-and-plans","status":"publish","type":"post","link":"https:\/\/fondacijamilosbikovic.org\/en\/presentation-of-the-milos-bikovic-foundation-mission-goals-and-plans\/","title":{"rendered":"Presentation of the Milo\u0161 Bikovi\u0107 Foundation: Mission, Goals and Plans"},"content":{"rendered":"<p>The first presentation of the Milo\u0160 Bikovi\u0107 Foundation was held at the end of November 2023. years in Zurich. The organization founded by our acclaimed actor aims to support young talents from Serbia, providing them with the opportunity to realize their potential and be the pride of their community.<\/p>\n<p>At the first meeting, potential Foundation associates discussed ways in which they could contribute to its initiatives. It was a place where experts from different fields met, ready to come together and support each other.<\/p>\n<p>Milo\u0161 Bikovi\u0107 and Director of the Foundation Veronika Tasic Vushurovic presented the goals and mission of the Foundation, inviting guests to share their suggestions and experiences. Among them was Ivan Miljkovi\u0107, a former volleyball player who inspired those present with a story about the successful transition from professional sports to economics and finance.<\/p>\n<p><img loading=\"lazy\" decoding=\"async\" class=\"aligncenter size-full wp-image-534\" src=\"https:\/\/fondacijamilosbikovic.org\/wp-content\/uploads\/2024\/04\/cirih-2.jpg\" alt=\"\" width=\"1200\" height=\"630\" srcset=\"https:\/\/fondacijamilosbikovic.org\/wp-content\/uploads\/2024\/04\/cirih-2.jpg 1200w, https:\/\/fondacijamilosbikovic.org\/wp-content\/uploads\/2024\/04\/cirih-2-800x420.jpg 800w, https:\/\/fondacijamilosbikovic.org\/wp-content\/uploads\/2024\/04\/cirih-2-300x158.jpg 300w, https:\/\/fondacijamilosbikovic.org\/wp-content\/uploads\/2024\/04\/cirih-2-1024x538.jpg 1024w, https:\/\/fondacijamilosbikovic.org\/wp-content\/uploads\/2024\/04\/cirih-2-768x403.jpg 768w, https:\/\/fondacijamilosbikovic.org\/wp-content\/uploads\/2024\/04\/cirih-2-143x75.jpg 143w, https:\/\/fondacijamilosbikovic.org\/wp-content\/uploads\/2024\/04\/cirih-2-480x252.jpg 480w\" sizes=\"auto, (max-width:767px) 480px, (max-width:1200px) 100vw, 1200px\" \/><\/p>\n<p>On the second day, Milos shared his motivation for philanthropy and youth care, while Dr. Vladimir Cmiljanovi\u0107, founder and president <em>of Swiss Rockets<\/em> from Basel, spoke about his career path and the development of the latest health technology in Switzerland and Serbia.<\/p>\n<p>Informal socializing after the event showed how important support and exchange of experiences are. The Milo\u0161 Bikovi\u0107 Foundation wants to be a platform for connecting young talents with other young talents, but also with experts around the world, supporting them in achieving their professional and personal dreams.<\/p>\n<p>The rally in Zurich was just the beginning. In the meantime, the Foundation&#8217;s team worked programs and activities for the first year. Through cooperation with partners, the Foundation hopes to inspire young people to believe in their dreams and in achieving remarkable results.<\/p>\n","protected":false},"excerpt":{"rendered":"<p>The first presentation of the Milo\u0160 Bikovi\u0107 Foundation was held at the end of November 2023. years in Zurich. The organization founded by our acclaimed actor<span class=\"excerpt-hellip\"> [\u2026]<\/span><\/p>\n","protected":false},"author":1,"featured_media":541,"comment_status":"closed","ping_status":"open","sticky":false,"template":"","format":"standard","meta":{"footnotes":""},"categories":[11],"tags":[42,52,53,44,43],"class_list":["post-556","post","type-post","status-publish","format-standard","has-post-thumbnail","hentry","category-uncategorized","tag-milos-bikovic-foundation","tag-mission","tag-platform","tag-talents","tag-young"],"yoast_head":"<!-- This site is optimized with the Yoast SEO plugin v27.4 - https:\/\/yoast.com\/product\/yoast-seo-wordpress\/ -->\n<title>Presentation of the Milo\u0161 Bikovi\u0107 Foundation: Mission, Goals and Plans - Fondacija Milo\u0161 Bikovi\u0107<\/title>\n<meta name=\"robots\" content=\"index, follow, max-snippet:-1, max-image-preview:large, max-video-preview:-1\" \/>\n<link rel=\"canonical\" href=\"https:\/\/fondacijamilosbikovic.org\/en\/presentation-of-the-milos-bikovic-foundation-mission-goals-and-plans\/\" \/>\n<meta property=\"og:locale\" content=\"en_US\" \/>\n<meta property=\"og:type\" content=\"article\" \/>\n<meta property=\"og:title\" content=\"Presentation of the Milo\u0161 Bikovi\u0107 Foundation: Mission, Goals and Plans - Fondacija Milo\u0161 Bikovi\u0107\" \/>\n<meta property=\"og:description\" content=\"The first presentation of the Milo\u0160 Bikovi\u0107 Foundation was held at the end of November 2023. years in Zurich. The organization founded by our acclaimed actor [\u2026]\" \/>\n<meta property=\"og:url\" content=\"https:\/\/fondacijamilosbikovic.org\/en\/presentation-of-the-milos-bikovic-foundation-mission-goals-and-plans\/\" \/>\n<meta property=\"og:site_name\" content=\"Fondacija Milo\u0161 Bikovi\u0107\" \/>\n<meta property=\"article:publisher\" content=\"https:\/\/www.facebook.com\/fondacijabikovic\" \/>\n<meta property=\"article:published_time\" content=\"2023-11-25T19:02:01+00:00\" \/>\n<meta property=\"article:modified_time\" content=\"2024-04-19T18:04:45+00:00\" \/>\n<meta property=\"og:image\" content=\"https:\/\/fondacijamilosbikovic.org\/wp-content\/uploads\/2024\/04\/cirih-1-1.jpg\" \/>\n\t<meta property=\"og:image:width\" content=\"1920\" \/>\n\t<meta property=\"og:image:height\" content=\"1008\" \/>\n\t<meta property=\"og:image:type\" content=\"image\/jpeg\" \/>\n<meta name=\"author\" content=\"Fondacija Milo\u0161 Bikovi\u0107\" \/>\n<meta name=\"twitter:card\" content=\"summary_large_image\" \/>\n<meta name=\"twitter:label1\" content=\"Written by\" \/>\n\t<meta name=\"twitter:data1\" content=\"Fondacija Milo\u0161 Bikovi\u0107\" \/>\n\t<meta name=\"twitter:label2\" content=\"Est. reading time\" \/>\n\t<meta name=\"twitter:data2\" content=\"2 minutes\" \/>\n<script type=\"application\/ld+json\" class=\"yoast-schema-graph\">{\"@context\":\"https:\\\/\\\/schema.org\",\"@graph\":[{\"@type\":\"Article\",\"@id\":\"https:\\\/\\\/fondacijamilosbikovic.org\\\/en\\\/presentation-of-the-milos-bikovic-foundation-mission-goals-and-plans\\\/#article\",\"isPartOf\":{\"@id\":\"https:\\\/\\\/fondacijamilosbikovic.org\\\/en\\\/presentation-of-the-milos-bikovic-foundation-mission-goals-and-plans\\\/\"},\"author\":{\"name\":\"Fondacija Milo\u0161 Bikovi\u0107\",\"@id\":\"https:\\\/\\\/fondacijamilosbikovic.org\\\/en\\\/#\\\/schema\\\/person\\\/336800589049adc86a57eabb2d8a4cac\"},\"headline\":\"Presentation of the Milo\u0161 Bikovi\u0107 Foundation: Mission, Goals and Plans\",\"datePublished\":\"2023-11-25T19:02:01+00:00\",\"dateModified\":\"2024-04-19T18:04:45+00:00\",\"mainEntityOfPage\":{\"@id\":\"https:\\\/\\\/fondacijamilosbikovic.org\\\/en\\\/presentation-of-the-milos-bikovic-foundation-mission-goals-and-plans\\\/\"},\"wordCount\":279,\"publisher\":{\"@id\":\"https:\\\/\\\/fondacijamilosbikovic.org\\\/en\\\/#organization\"},\"image\":{\"@id\":\"https:\\\/\\\/fondacijamilosbikovic.org\\\/en\\\/presentation-of-the-milos-bikovic-foundation-mission-goals-and-plans\\\/#primaryimage\"},\"thumbnailUrl\":\"https:\\\/\\\/fondacijamilosbikovic.org\\\/wp-content\\\/uploads\\\/2024\\\/04\\\/cirih-1-1.jpg\",\"keywords\":[\"Milo\u0161 Bikovi\u0107 Foundation\",\"Mission\",\"Platform\",\"Talents\",\"Young\"],\"inLanguage\":\"en-US\"},{\"@type\":\"WebPage\",\"@id\":\"https:\\\/\\\/fondacijamilosbikovic.org\\\/en\\\/presentation-of-the-milos-bikovic-foundation-mission-goals-and-plans\\\/\",\"url\":\"https:\\\/\\\/fondacijamilosbikovic.org\\\/en\\\/presentation-of-the-milos-bikovic-foundation-mission-goals-and-plans\\\/\",\"name\":\"Presentation of the Milo\u0161 Bikovi\u0107 Foundation: Mission, Goals and Plans - Fondacija Milo\u0161 Bikovi\u0107\",\"isPartOf\":{\"@id\":\"https:\\\/\\\/fondacijamilosbikovic.org\\\/en\\\/#website\"},\"primaryImageOfPage\":{\"@id\":\"https:\\\/\\\/fondacijamilosbikovic.org\\\/en\\\/presentation-of-the-milos-bikovic-foundation-mission-goals-and-plans\\\/#primaryimage\"},\"image\":{\"@id\":\"https:\\\/\\\/fondacijamilosbikovic.org\\\/en\\\/presentation-of-the-milos-bikovic-foundation-mission-goals-and-plans\\\/#primaryimage\"},\"thumbnailUrl\":\"https:\\\/\\\/fondacijamilosbikovic.org\\\/wp-content\\\/uploads\\\/2024\\\/04\\\/cirih-1-1.jpg\",\"datePublished\":\"2023-11-25T19:02:01+00:00\",\"dateModified\":\"2024-04-19T18:04:45+00:00\",\"breadcrumb\":{\"@id\":\"https:\\\/\\\/fondacijamilosbikovic.org\\\/en\\\/presentation-of-the-milos-bikovic-foundation-mission-goals-and-plans\\\/#breadcrumb\"},\"inLanguage\":\"en-US\",\"potentialAction\":[{\"@type\":\"ReadAction\",\"target\":[\"https:\\\/\\\/fondacijamilosbikovic.org\\\/en\\\/presentation-of-the-milos-bikovic-foundation-mission-goals-and-plans\\\/\"]}]},{\"@type\":\"ImageObject\",\"inLanguage\":\"en-US\",\"@id\":\"https:\\\/\\\/fondacijamilosbikovic.org\\\/en\\\/presentation-of-the-milos-bikovic-foundation-mission-goals-and-plans\\\/#primaryimage\",\"url\":\"https:\\\/\\\/fondacijamilosbikovic.org\\\/wp-content\\\/uploads\\\/2024\\\/04\\\/cirih-1-1.jpg\",\"contentUrl\":\"https:\\\/\\\/fondacijamilosbikovic.org\\\/wp-content\\\/uploads\\\/2024\\\/04\\\/cirih-1-1.jpg\",\"width\":1920,\"height\":1008},{\"@type\":\"BreadcrumbList\",\"@id\":\"https:\\\/\\\/fondacijamilosbikovic.org\\\/en\\\/presentation-of-the-milos-bikovic-foundation-mission-goals-and-plans\\\/#breadcrumb\",\"itemListElement\":[{\"@type\":\"ListItem\",\"position\":1,\"name\":\"Home\",\"item\":\"https:\\\/\\\/fondacijamilosbikovic.org\\\/en\\\/\"},{\"@type\":\"ListItem\",\"position\":2,\"name\":\"Presentation of the Milo\u0161 Bikovi\u0107 Foundation: Mission, Goals and Plans\"}]},{\"@type\":\"WebSite\",\"@id\":\"https:\\\/\\\/fondacijamilosbikovic.org\\\/en\\\/#website\",\"url\":\"https:\\\/\\\/fondacijamilosbikovic.org\\\/en\\\/\",\"name\":\"Fondacija Milo\u0161 Bikovi\u0107\",\"description\":\"Energija talenata, iskustvo stru\u010dnjaka -\u00a0za\u00a0bolji\u00a0svet.\",\"publisher\":{\"@id\":\"https:\\\/\\\/fondacijamilosbikovic.org\\\/en\\\/#organization\"},\"potentialAction\":[{\"@type\":\"SearchAction\",\"target\":{\"@type\":\"EntryPoint\",\"urlTemplate\":\"https:\\\/\\\/fondacijamilosbikovic.org\\\/en\\\/?s={search_term_string}\"},\"query-input\":{\"@type\":\"PropertyValueSpecification\",\"valueRequired\":true,\"valueName\":\"search_term_string\"}}],\"inLanguage\":\"en-US\"},{\"@type\":\"Organization\",\"@id\":\"https:\\\/\\\/fondacijamilosbikovic.org\\\/en\\\/#organization\",\"name\":\"Fondacija Milo\u0161 Bikovi\u0107\",\"url\":\"https:\\\/\\\/fondacijamilosbikovic.org\\\/en\\\/\",\"logo\":{\"@type\":\"ImageObject\",\"inLanguage\":\"en-US\",\"@id\":\"https:\\\/\\\/fondacijamilosbikovic.org\\\/en\\\/#\\\/schema\\\/logo\\\/image\\\/\",\"url\":\"https:\\\/\\\/fondacijamilosbikovic.org\\\/wp-content\\\/uploads\\\/2023\\\/11\\\/logo@x2.png\",\"contentUrl\":\"https:\\\/\\\/fondacijamilosbikovic.org\\\/wp-content\\\/uploads\\\/2023\\\/11\\\/logo@x2.png\",\"width\":800,\"height\":182,\"caption\":\"Fondacija Milo\u0161 Bikovi\u0107\"},\"image\":{\"@id\":\"https:\\\/\\\/fondacijamilosbikovic.org\\\/en\\\/#\\\/schema\\\/logo\\\/image\\\/\"},\"sameAs\":[\"https:\\\/\\\/www.facebook.com\\\/fondacijabikovic\"]},{\"@type\":\"Person\",\"@id\":\"https:\\\/\\\/fondacijamilosbikovic.org\\\/en\\\/#\\\/schema\\\/person\\\/336800589049adc86a57eabb2d8a4cac\",\"name\":\"Fondacija Milo\u0161 Bikovi\u0107\",\"image\":{\"@type\":\"ImageObject\",\"inLanguage\":\"en-US\",\"@id\":\"https:\\\/\\\/secure.gravatar.com\\\/avatar\\\/d80abda3d2370dcab520376353139bc0671b983b15d0e2bb43c12d61ab3f6026?s=96&d=mm&r=g\",\"url\":\"https:\\\/\\\/secure.gravatar.com\\\/avatar\\\/d80abda3d2370dcab520376353139bc0671b983b15d0e2bb43c12d61ab3f6026?s=96&d=mm&r=g\",\"contentUrl\":\"https:\\\/\\\/secure.gravatar.com\\\/avatar\\\/d80abda3d2370dcab520376353139bc0671b983b15d0e2bb43c12d61ab3f6026?s=96&d=mm&r=g\",\"caption\":\"Fondacija Milo\u0161 Bikovi\u0107\"},\"sameAs\":[\"https:\\\/\\\/fondacijamilosbikovic.org\"],\"url\":\"https:\\\/\\\/fondacijamilosbikovic.org\\\/en\\\/author\\\/fondacija_admin\\\/\"}]}<\/script>\n<!-- \/ Yoast SEO plugin. -->","yoast_head_json":{"title":"Presentation of the Milo\u0161 Bikovi\u0107 Foundation: Mission, Goals and Plans - Fondacija Milo\u0161 Bikovi\u0107","robots":{"index":"index","follow":"follow","max-snippet":"max-snippet:-1","max-image-preview":"max-image-preview:large","max-video-preview":"max-video-preview:-1"},"canonical":"https:\/\/fondacijamilosbikovic.org\/en\/presentation-of-the-milos-bikovic-foundation-mission-goals-and-plans\/","og_locale":"en_US","og_type":"article","og_title":"Presentation of the Milo\u0161 Bikovi\u0107 Foundation: Mission, Goals and Plans - Fondacija Milo\u0161 Bikovi\u0107","og_description":"The first presentation of the Milo\u0160 Bikovi\u0107 Foundation was held at the end of November 2023. years in Zurich. The organization founded by our acclaimed actor [\u2026]","og_url":"https:\/\/fondacijamilosbikovic.org\/en\/presentation-of-the-milos-bikovic-foundation-mission-goals-and-plans\/","og_site_name":"Fondacija Milo\u0161 Bikovi\u0107","article_publisher":"https:\/\/www.facebook.com\/fondacijabikovic","article_published_time":"2023-11-25T19:02:01+00:00","article_modified_time":"2024-04-19T18:04:45+00:00","og_image":[{"width":1920,"height":1008,"url":"https:\/\/fondacijamilosbikovic.org\/wp-content\/uploads\/2024\/04\/cirih-1-1.jpg","type":"image\/jpeg"}],"author":"Fondacija Milo\u0161 Bikovi\u0107","twitter_card":"summary_large_image","twitter_misc":{"Written by":"Fondacija Milo\u0161 Bikovi\u0107","Est. reading time":"2 minutes"},"schema":{"@context":"https:\/\/schema.org","@graph":[{"@type":"Article","@id":"https:\/\/fondacijamilosbikovic.org\/en\/presentation-of-the-milos-bikovic-foundation-mission-goals-and-plans\/#article","isPartOf":{"@id":"https:\/\/fondacijamilosbikovic.org\/en\/presentation-of-the-milos-bikovic-foundation-mission-goals-and-plans\/"},"author":{"name":"Fondacija Milo\u0161 Bikovi\u0107","@id":"https:\/\/fondacijamilosbikovic.org\/en\/#\/schema\/person\/336800589049adc86a57eabb2d8a4cac"},"headline":"Presentation of the Milo\u0161 Bikovi\u0107 Foundation: Mission, Goals and Plans","datePublished":"2023-11-25T19:02:01+00:00","dateModified":"2024-04-19T18:04:45+00:00","mainEntityOfPage":{"@id":"https:\/\/fondacijamilosbikovic.org\/en\/presentation-of-the-milos-bikovic-foundation-mission-goals-and-plans\/"},"wordCount":279,"publisher":{"@id":"https:\/\/fondacijamilosbikovic.org\/en\/#organization"},"image":{"@id":"https:\/\/fondacijamilosbikovic.org\/en\/presentation-of-the-milos-bikovic-foundation-mission-goals-and-plans\/#primaryimage"},"thumbnailUrl":"https:\/\/fondacijamilosbikovic.org\/wp-content\/uploads\/2024\/04\/cirih-1-1.jpg","keywords":["Milo\u0161 Bikovi\u0107 Foundation","Mission","Platform","Talents","Young"],"inLanguage":"en-US"},{"@type":"WebPage","@id":"https:\/\/fondacijamilosbikovic.org\/en\/presentation-of-the-milos-bikovic-foundation-mission-goals-and-plans\/","url":"https:\/\/fondacijamilosbikovic.org\/en\/presentation-of-the-milos-bikovic-foundation-mission-goals-and-plans\/","name":"Presentation of the Milo\u0161 Bikovi\u0107 Foundation: Mission, Goals and Plans - Fondacija Milo\u0161 Bikovi\u0107","isPartOf":{"@id":"https:\/\/fondacijamilosbikovic.org\/en\/#website"},"primaryImageOfPage":{"@id":"https:\/\/fondacijamilosbikovic.org\/en\/presentation-of-the-milos-bikovic-foundation-mission-goals-and-plans\/#primaryimage"},"image":{"@id":"https:\/\/fondacijamilosbikovic.org\/en\/presentation-of-the-milos-bikovic-foundation-mission-goals-and-plans\/#primaryimage"},"thumbnailUrl":"https:\/\/fondacijamilosbikovic.org\/wp-content\/uploads\/2024\/04\/cirih-1-1.jpg","datePublished":"2023-11-25T19:02:01+00:00","dateModified":"2024-04-19T18:04:45+00:00","breadcrumb":{"@id":"https:\/\/fondacijamilosbikovic.org\/en\/presentation-of-the-milos-bikovic-foundation-mission-goals-and-plans\/#breadcrumb"},"inLanguage":"en-US","potentialAction":[{"@type":"ReadAction","target":["https:\/\/fondacijamilosbikovic.org\/en\/presentation-of-the-milos-bikovic-foundation-mission-goals-and-plans\/"]}]},{"@type":"ImageObject","inLanguage":"en-US","@id":"https:\/\/fondacijamilosbikovic.org\/en\/presentation-of-the-milos-bikovic-foundation-mission-goals-and-plans\/#primaryimage","url":"https:\/\/fondacijamilosbikovic.org\/wp-content\/uploads\/2024\/04\/cirih-1-1.jpg","contentUrl":"https:\/\/fondacijamilosbikovic.org\/wp-content\/uploads\/2024\/04\/cirih-1-1.jpg","width":1920,"height":1008},{"@type":"BreadcrumbList","@id":"https:\/\/fondacijamilosbikovic.org\/en\/presentation-of-the-milos-bikovic-foundation-mission-goals-and-plans\/#breadcrumb","itemListElement":[{"@type":"ListItem","position":1,"name":"Home","item":"https:\/\/fondacijamilosbikovic.org\/en\/"},{"@type":"ListItem","position":2,"name":"Presentation of the Milo\u0161 Bikovi\u0107 Foundation: Mission, Goals and Plans"}]},{"@type":"WebSite","@id":"https:\/\/fondacijamilosbikovic.org\/en\/#website","url":"https:\/\/fondacijamilosbikovic.org\/en\/","name":"Fondacija Milo\u0161 Bikovi\u0107","description":"Energija talenata, iskustvo stru\u010dnjaka -\u00a0za\u00a0bolji\u00a0svet.","publisher":{"@id":"https:\/\/fondacijamilosbikovic.org\/en\/#organization"},"potentialAction":[{"@type":"SearchAction","target":{"@type":"EntryPoint","urlTemplate":"https:\/\/fondacijamilosbikovic.org\/en\/?s={search_term_string}"},"query-input":{"@type":"PropertyValueSpecification","valueRequired":true,"valueName":"search_term_string"}}],"inLanguage":"en-US"},{"@type":"Organization","@id":"https:\/\/fondacijamilosbikovic.org\/en\/#organization","name":"Fondacija Milo\u0161 Bikovi\u0107","url":"https:\/\/fondacijamilosbikovic.org\/en\/","logo":{"@type":"ImageObject","inLanguage":"en-US","@id":"https:\/\/fondacijamilosbikovic.org\/en\/#\/schema\/logo\/image\/","url":"https:\/\/fondacijamilosbikovic.org\/wp-content\/uploads\/2023\/11\/logo@x2.png","contentUrl":"https:\/\/fondacijamilosbikovic.org\/wp-content\/uploads\/2023\/11\/logo@x2.png","width":800,"height":182,"caption":"Fondacija Milo\u0161 Bikovi\u0107"},"image":{"@id":"https:\/\/fondacijamilosbikovic.org\/en\/#\/schema\/logo\/image\/"},"sameAs":["https:\/\/www.facebook.com\/fondacijabikovic"]},{"@type":"Person","@id":"https:\/\/fondacijamilosbikovic.org\/en\/#\/schema\/person\/336800589049adc86a57eabb2d8a4cac","name":"Fondacija Milo\u0161 Bikovi\u0107","image":{"@type":"ImageObject","inLanguage":"en-US","@id":"https:\/\/secure.gravatar.com\/avatar\/d80abda3d2370dcab520376353139bc0671b983b15d0e2bb43c12d61ab3f6026?s=96&d=mm&r=g","url":"https:\/\/secure.gravatar.com\/avatar\/d80abda3d2370dcab520376353139bc0671b983b15d0e2bb43c12d61ab3f6026?s=96&d=mm&r=g","contentUrl":"https:\/\/secure.gravatar.com\/avatar\/d80abda3d2370dcab520376353139bc0671b983b15d0e2bb43c12d61ab3f6026?s=96&d=mm&r=g","caption":"Fondacija Milo\u0161 Bikovi\u0107"},"sameAs":["https:\/\/fondacijamilosbikovic.org"],"url":"https:\/\/fondacijamilosbikovic.org\/en\/author\/fondacija_admin\/"}]}},"_links":{"self":[{"href":"https:\/\/fondacijamilosbikovic.org\/en\/wp-json\/wp\/v2\/posts\/556","targetHints":{"allow":["GET"]}}],"collection":[{"href":"https:\/\/fondacijamilosbikovic.org\/en\/wp-json\/wp\/v2\/posts"}],"about":[{"href":"https:\/\/fondacijamilosbikovic.org\/en\/wp-json\/wp\/v2\/types\/post"}],"author":[{"embeddable":true,"href":"https:\/\/fondacijamilosbikovic.org\/en\/wp-json\/wp\/v2\/users\/1"}],"replies":[{"embeddable":true,"href":"https:\/\/fondacijamilosbikovic.org\/en\/wp-json\/wp\/v2\/comments?post=556"}],"version-history":[{"count":2,"href":"https:\/\/fondacijamilosbikovic.org\/en\/wp-json\/wp\/v2\/posts\/556\/revisions"}],"predecessor-version":[{"id":562,"href":"https:\/\/fondacijamilosbikovic.org\/en\/wp-json\/wp\/v2\/posts\/556\/revisions\/562"}],"wp:featuredmedia":[{"embeddable":true,"href":"https:\/\/fondacijamilosbikovic.org\/en\/wp-json\/wp\/v2\/media\/541"}],"wp:attachment":[{"href":"https:\/\/fondacijamilosbikovic.org\/en\/wp-json\/wp\/v2\/media?parent=556"}],"wp:term":[{"taxonomy":"category","embeddable":true,"href":"https:\/\/fondacijamilosbikovic.org\/en\/wp-json\/wp\/v2\/categories?post=556"},{"taxonomy":"post_tag","embeddable":true,"href":"https:\/\/fondacijamilosbikovic.org\/en\/wp-json\/wp\/v2\/tags?post=556"}],"curies":[{"name":"wp","href":"https:\/\/api.w.org\/{rel}","templated":true}]}}