{"id":797,"date":"2024-10-12T14:07:29","date_gmt":"2024-10-12T14:07:29","guid":{"rendered":"https:\/\/fondacijamilosbikovic.org\/youth-for-mental-health-discussion-and-support-at-the-panel-tell-me-about-it\/"},"modified":"2024-10-12T14:12:02","modified_gmt":"2024-10-12T14:12:02","slug":"youth-for-mental-health-discussion-and-support-at-the-panel-tell-me-about-it","status":"publish","type":"post","link":"https:\/\/fondacijamilosbikovic.org\/en\/youth-for-mental-health-discussion-and-support-at-the-panel-tell-me-about-it\/","title":{"rendered":"Youth for Mental Health: Discussion and Support at the Panel &#8220;Tell Me About It&#8221;"},"content":{"rendered":"<p>On Thursday, October 10, we hosted a panel discussion in a full hall of the Impact Hub in Belgrade, initiated by the participants of the Foundation&#8217;s pilot project.<\/p>\n<p>On the occasion of World Mental Health Day, their initiative <a href=\"https:\/\/www.instagram.com\/_pricajmi_\/?__d=11\">&#8220;Tell Me About It&#8221;<\/a> organized a forum with the aim of raising awareness about mental health among young people.<\/p>\n<p>Although there were listeners of all ages in the audience, young people did have a particularly important opportunity to hear about this vitally important topic from those who really have something to say about it.<\/p>\n<p>The guests of this discussion were young women with a lot of experience behind them:<\/p>\n<ul>\n<li><strong>Elena \u017divi\u0107<\/strong>, a master psychologist and psychotherapist of the REBT orientation, a member of the team at the <a href=\"https:\/\/psihoterapijasrbija.com\/\">Mental Ball Counseling<\/a> Center and the founder of <a href=\"https:\/\/www.instagram.com\/radimonatome\/\">Work on It<\/a>, an initiative that provides psychological support to people on their way to offspring.<\/li>\n<li><strong>Miona Markovic<\/strong> is an actress from Belgrade who, in addition to her profession, has been actively supporting mental health campaigns for years, openly talking about her personal experiences and providing support and inspiration to all who follow her.<\/li>\n<li><strong>Ma\u0161a Vlahovi\u0107<\/strong>, trainer and coach for the development of potential, with a special focus on team coaching, business development expert and head of strategy and program development at <a href=\"https:\/\/lifeandmindstudio.com\/\">Life &amp; Mind Studio<\/a>.<\/li>\n<\/ul>\n<p>The discussion was led by our students, Ana Rankovi\u0107 and Milica Zdravkovi\u0107, while, together with them, Ta\u0161a Stipsi\u0107 and Zlatan Vasovi\u0107 participated in the organization of this project, behind the camera and behind the scenes.<\/p>\n<p>The interlocutors touched on several important topics, including the issue of mental health stigma, the role of family and friends in the mental health of an individual, somatic symptoms of psychological problems, collective mental health and psychotherapy. Especially important for the attendees was the moment in which the guests shared their personal, intimate experiences of struggling with their difficulties \u2013 problems, the path to a solution, psychotherapeutic experiences, lessons they learned.<\/p>\n<p>Thanks to this approach, the panel discussion outgrew the initially set framework and indeed, at least for a moment, became a safe space in which participants felt protected and free to exchange experiences and impressions and talk about their feelings, which was especially evidenced by a large number of questions for our guests after the event.<\/p>\n<p>Thank you once again to everyone who responded to the invitation of our students, with the hope that we will continue to deal with mental health on other days of the year as we did yesterday.<\/p>\n","protected":false},"excerpt":{"rendered":"<p>On Thursday, October 10, we hosted a panel discussion in a full hall of the Impact Hub in Belgrade, initiated by the participants of the Foundation&#8217;s<span class=\"excerpt-hellip\"> [\u2026]<\/span><\/p>\n","protected":false},"author":1,"featured_media":794,"comment_status":"closed","ping_status":"open","sticky":false,"template":"","format":"standard","meta":{"footnotes":""},"categories":[11],"tags":[290,296,289,293,295,294,291,292],"class_list":["post-797","post","type-post","status-publish","format-standard","has-post-thumbnail","hentry","category-uncategorized","tag-a-discussion-about-mental-health","tag-impact-hub-en","tag-mental-health","tag-mental-health-of-young-people","tag-mental-health-tribune","tag-panel-discussion-belgrade","tag-world-mental-health-day","tag-youth-and-mental-health"],"yoast_head":"<!-- This site is optimized with the Yoast SEO plugin v27.4 - https:\/\/yoast.com\/product\/yoast-seo-wordpress\/ -->\n<title>Youth for Mental Health: Discussion and Support at the Panel &quot;Tell Me About It&quot; - Fondacija Milo\u0161 Bikovi\u0107<\/title>\n<meta name=\"description\" content=\"The panel discussion &quot;Tell me about it&quot; brought together experts at the Impact Hub on the occasion of World Mental Health Day, with the aim of raising awareness among young people.\" \/>\n<meta name=\"robots\" content=\"index, follow, max-snippet:-1, max-image-preview:large, max-video-preview:-1\" \/>\n<link rel=\"canonical\" href=\"https:\/\/fondacijamilosbikovic.org\/en\/youth-for-mental-health-discussion-and-support-at-the-panel-tell-me-about-it\/\" \/>\n<meta property=\"og:locale\" content=\"en_US\" \/>\n<meta property=\"og:type\" content=\"article\" \/>\n<meta property=\"og:title\" content=\"Youth for Mental Health: Discussion and Support at the Panel &quot;Tell Me About It&quot; - Fondacija Milo\u0161 Bikovi\u0107\" \/>\n<meta property=\"og:description\" content=\"The panel discussion &quot;Tell me about it&quot; brought together experts at the Impact Hub on the occasion of World Mental Health Day, with the aim of raising awareness among young people.\" \/>\n<meta property=\"og:url\" content=\"https:\/\/fondacijamilosbikovic.org\/en\/youth-for-mental-health-discussion-and-support-at-the-panel-tell-me-about-it\/\" \/>\n<meta property=\"og:site_name\" content=\"Fondacija Milo\u0161 Bikovi\u0107\" \/>\n<meta property=\"article:publisher\" content=\"https:\/\/www.facebook.com\/fondacijabikovic\" \/>\n<meta property=\"article:published_time\" content=\"2024-10-12T14:07:29+00:00\" \/>\n<meta property=\"article:modified_time\" content=\"2024-10-12T14:12:02+00:00\" \/>\n<meta property=\"og:image\" content=\"https:\/\/fondacijamilosbikovic.org\/wp-content\/uploads\/2024\/10\/pricajmi.jpg\" \/>\n\t<meta property=\"og:image:width\" content=\"1920\" \/>\n\t<meta property=\"og:image:height\" content=\"1008\" \/>\n\t<meta property=\"og:image:type\" content=\"image\/jpeg\" \/>\n<meta name=\"author\" content=\"Fondacija Milo\u0161 Bikovi\u0107\" \/>\n<meta name=\"twitter:card\" content=\"summary_large_image\" \/>\n<meta name=\"twitter:label1\" content=\"Written by\" \/>\n\t<meta name=\"twitter:data1\" content=\"Fondacija Milo\u0161 Bikovi\u0107\" \/>\n\t<meta name=\"twitter:label2\" content=\"Est. reading time\" \/>\n\t<meta name=\"twitter:data2\" content=\"3 minutes\" \/>\n<script type=\"application\/ld+json\" class=\"yoast-schema-graph\">{\"@context\":\"https:\\\/\\\/schema.org\",\"@graph\":[{\"@type\":\"Article\",\"@id\":\"https:\\\/\\\/fondacijamilosbikovic.org\\\/en\\\/youth-for-mental-health-discussion-and-support-at-the-panel-tell-me-about-it\\\/#article\",\"isPartOf\":{\"@id\":\"https:\\\/\\\/fondacijamilosbikovic.org\\\/en\\\/youth-for-mental-health-discussion-and-support-at-the-panel-tell-me-about-it\\\/\"},\"author\":{\"name\":\"Fondacija Milo\u0161 Bikovi\u0107\",\"@id\":\"https:\\\/\\\/fondacijamilosbikovic.org\\\/en\\\/#\\\/schema\\\/person\\\/336800589049adc86a57eabb2d8a4cac\"},\"headline\":\"Youth for Mental Health: Discussion and Support at the Panel &#8220;Tell Me About It&#8221;\",\"datePublished\":\"2024-10-12T14:07:29+00:00\",\"dateModified\":\"2024-10-12T14:12:02+00:00\",\"mainEntityOfPage\":{\"@id\":\"https:\\\/\\\/fondacijamilosbikovic.org\\\/en\\\/youth-for-mental-health-discussion-and-support-at-the-panel-tell-me-about-it\\\/\"},\"wordCount\":432,\"publisher\":{\"@id\":\"https:\\\/\\\/fondacijamilosbikovic.org\\\/en\\\/#organization\"},\"image\":{\"@id\":\"https:\\\/\\\/fondacijamilosbikovic.org\\\/en\\\/youth-for-mental-health-discussion-and-support-at-the-panel-tell-me-about-it\\\/#primaryimage\"},\"thumbnailUrl\":\"https:\\\/\\\/fondacijamilosbikovic.org\\\/wp-content\\\/uploads\\\/2024\\\/10\\\/pricajmi.jpg\",\"keywords\":[\"A discussion about mental health\",\"Impact Hub\",\"Mental Health\",\"Mental health of young people\",\"Mental Health Tribune\",\"Panel discussion Belgrade\",\"World Mental Health Day\",\"youth and mental health\"],\"inLanguage\":\"en-US\"},{\"@type\":\"WebPage\",\"@id\":\"https:\\\/\\\/fondacijamilosbikovic.org\\\/en\\\/youth-for-mental-health-discussion-and-support-at-the-panel-tell-me-about-it\\\/\",\"url\":\"https:\\\/\\\/fondacijamilosbikovic.org\\\/en\\\/youth-for-mental-health-discussion-and-support-at-the-panel-tell-me-about-it\\\/\",\"name\":\"Youth for Mental Health: Discussion and Support at the Panel \\\"Tell Me About It\\\" - Fondacija Milo\u0161 Bikovi\u0107\",\"isPartOf\":{\"@id\":\"https:\\\/\\\/fondacijamilosbikovic.org\\\/en\\\/#website\"},\"primaryImageOfPage\":{\"@id\":\"https:\\\/\\\/fondacijamilosbikovic.org\\\/en\\\/youth-for-mental-health-discussion-and-support-at-the-panel-tell-me-about-it\\\/#primaryimage\"},\"image\":{\"@id\":\"https:\\\/\\\/fondacijamilosbikovic.org\\\/en\\\/youth-for-mental-health-discussion-and-support-at-the-panel-tell-me-about-it\\\/#primaryimage\"},\"thumbnailUrl\":\"https:\\\/\\\/fondacijamilosbikovic.org\\\/wp-content\\\/uploads\\\/2024\\\/10\\\/pricajmi.jpg\",\"datePublished\":\"2024-10-12T14:07:29+00:00\",\"dateModified\":\"2024-10-12T14:12:02+00:00\",\"description\":\"The panel discussion \\\"Tell me about it\\\" brought together experts at the Impact Hub on the occasion of World Mental Health Day, with the aim of raising awareness among young people.\",\"breadcrumb\":{\"@id\":\"https:\\\/\\\/fondacijamilosbikovic.org\\\/en\\\/youth-for-mental-health-discussion-and-support-at-the-panel-tell-me-about-it\\\/#breadcrumb\"},\"inLanguage\":\"en-US\",\"potentialAction\":[{\"@type\":\"ReadAction\",\"target\":[\"https:\\\/\\\/fondacijamilosbikovic.org\\\/en\\\/youth-for-mental-health-discussion-and-support-at-the-panel-tell-me-about-it\\\/\"]}]},{\"@type\":\"ImageObject\",\"inLanguage\":\"en-US\",\"@id\":\"https:\\\/\\\/fondacijamilosbikovic.org\\\/en\\\/youth-for-mental-health-discussion-and-support-at-the-panel-tell-me-about-it\\\/#primaryimage\",\"url\":\"https:\\\/\\\/fondacijamilosbikovic.org\\\/wp-content\\\/uploads\\\/2024\\\/10\\\/pricajmi.jpg\",\"contentUrl\":\"https:\\\/\\\/fondacijamilosbikovic.org\\\/wp-content\\\/uploads\\\/2024\\\/10\\\/pricajmi.jpg\",\"width\":1920,\"height\":1008},{\"@type\":\"BreadcrumbList\",\"@id\":\"https:\\\/\\\/fondacijamilosbikovic.org\\\/en\\\/youth-for-mental-health-discussion-and-support-at-the-panel-tell-me-about-it\\\/#breadcrumb\",\"itemListElement\":[{\"@type\":\"ListItem\",\"position\":1,\"name\":\"Home\",\"item\":\"https:\\\/\\\/fondacijamilosbikovic.org\\\/en\\\/\"},{\"@type\":\"ListItem\",\"position\":2,\"name\":\"Youth for Mental Health: Discussion and Support at the Panel &#8220;Tell Me About It&#8221;\"}]},{\"@type\":\"WebSite\",\"@id\":\"https:\\\/\\\/fondacijamilosbikovic.org\\\/en\\\/#website\",\"url\":\"https:\\\/\\\/fondacijamilosbikovic.org\\\/en\\\/\",\"name\":\"Fondacija Milo\u0161 Bikovi\u0107\",\"description\":\"Energija talenata, iskustvo stru\u010dnjaka -\u00a0za\u00a0bolji\u00a0svet.\",\"publisher\":{\"@id\":\"https:\\\/\\\/fondacijamilosbikovic.org\\\/en\\\/#organization\"},\"potentialAction\":[{\"@type\":\"SearchAction\",\"target\":{\"@type\":\"EntryPoint\",\"urlTemplate\":\"https:\\\/\\\/fondacijamilosbikovic.org\\\/en\\\/?s={search_term_string}\"},\"query-input\":{\"@type\":\"PropertyValueSpecification\",\"valueRequired\":true,\"valueName\":\"search_term_string\"}}],\"inLanguage\":\"en-US\"},{\"@type\":\"Organization\",\"@id\":\"https:\\\/\\\/fondacijamilosbikovic.org\\\/en\\\/#organization\",\"name\":\"Fondacija Milo\u0161 Bikovi\u0107\",\"url\":\"https:\\\/\\\/fondacijamilosbikovic.org\\\/en\\\/\",\"logo\":{\"@type\":\"ImageObject\",\"inLanguage\":\"en-US\",\"@id\":\"https:\\\/\\\/fondacijamilosbikovic.org\\\/en\\\/#\\\/schema\\\/logo\\\/image\\\/\",\"url\":\"https:\\\/\\\/fondacijamilosbikovic.org\\\/wp-content\\\/uploads\\\/2023\\\/11\\\/logo@x2.png\",\"contentUrl\":\"https:\\\/\\\/fondacijamilosbikovic.org\\\/wp-content\\\/uploads\\\/2023\\\/11\\\/logo@x2.png\",\"width\":800,\"height\":182,\"caption\":\"Fondacija Milo\u0161 Bikovi\u0107\"},\"image\":{\"@id\":\"https:\\\/\\\/fondacijamilosbikovic.org\\\/en\\\/#\\\/schema\\\/logo\\\/image\\\/\"},\"sameAs\":[\"https:\\\/\\\/www.facebook.com\\\/fondacijabikovic\"]},{\"@type\":\"Person\",\"@id\":\"https:\\\/\\\/fondacijamilosbikovic.org\\\/en\\\/#\\\/schema\\\/person\\\/336800589049adc86a57eabb2d8a4cac\",\"name\":\"Fondacija Milo\u0161 Bikovi\u0107\",\"image\":{\"@type\":\"ImageObject\",\"inLanguage\":\"en-US\",\"@id\":\"https:\\\/\\\/secure.gravatar.com\\\/avatar\\\/d80abda3d2370dcab520376353139bc0671b983b15d0e2bb43c12d61ab3f6026?s=96&d=mm&r=g\",\"url\":\"https:\\\/\\\/secure.gravatar.com\\\/avatar\\\/d80abda3d2370dcab520376353139bc0671b983b15d0e2bb43c12d61ab3f6026?s=96&d=mm&r=g\",\"contentUrl\":\"https:\\\/\\\/secure.gravatar.com\\\/avatar\\\/d80abda3d2370dcab520376353139bc0671b983b15d0e2bb43c12d61ab3f6026?s=96&d=mm&r=g\",\"caption\":\"Fondacija Milo\u0161 Bikovi\u0107\"},\"sameAs\":[\"https:\\\/\\\/fondacijamilosbikovic.org\"],\"url\":\"https:\\\/\\\/fondacijamilosbikovic.org\\\/en\\\/author\\\/fondacija_admin\\\/\"}]}<\/script>\n<!-- \/ Yoast SEO plugin. -->","yoast_head_json":{"title":"Youth for Mental Health: Discussion and Support at the Panel \"Tell Me About It\" - Fondacija Milo\u0161 Bikovi\u0107","description":"The panel discussion \"Tell me about it\" brought together experts at the Impact Hub on the occasion of World Mental Health Day, with the aim of raising awareness among young people.","robots":{"index":"index","follow":"follow","max-snippet":"max-snippet:-1","max-image-preview":"max-image-preview:large","max-video-preview":"max-video-preview:-1"},"canonical":"https:\/\/fondacijamilosbikovic.org\/en\/youth-for-mental-health-discussion-and-support-at-the-panel-tell-me-about-it\/","og_locale":"en_US","og_type":"article","og_title":"Youth for Mental Health: Discussion and Support at the Panel \"Tell Me About It\" - Fondacija Milo\u0161 Bikovi\u0107","og_description":"The panel discussion \"Tell me about it\" brought together experts at the Impact Hub on the occasion of World Mental Health Day, with the aim of raising awareness among young people.","og_url":"https:\/\/fondacijamilosbikovic.org\/en\/youth-for-mental-health-discussion-and-support-at-the-panel-tell-me-about-it\/","og_site_name":"Fondacija Milo\u0161 Bikovi\u0107","article_publisher":"https:\/\/www.facebook.com\/fondacijabikovic","article_published_time":"2024-10-12T14:07:29+00:00","article_modified_time":"2024-10-12T14:12:02+00:00","og_image":[{"width":1920,"height":1008,"url":"https:\/\/fondacijamilosbikovic.org\/wp-content\/uploads\/2024\/10\/pricajmi.jpg","type":"image\/jpeg"}],"author":"Fondacija Milo\u0161 Bikovi\u0107","twitter_card":"summary_large_image","twitter_misc":{"Written by":"Fondacija Milo\u0161 Bikovi\u0107","Est. reading time":"3 minutes"},"schema":{"@context":"https:\/\/schema.org","@graph":[{"@type":"Article","@id":"https:\/\/fondacijamilosbikovic.org\/en\/youth-for-mental-health-discussion-and-support-at-the-panel-tell-me-about-it\/#article","isPartOf":{"@id":"https:\/\/fondacijamilosbikovic.org\/en\/youth-for-mental-health-discussion-and-support-at-the-panel-tell-me-about-it\/"},"author":{"name":"Fondacija Milo\u0161 Bikovi\u0107","@id":"https:\/\/fondacijamilosbikovic.org\/en\/#\/schema\/person\/336800589049adc86a57eabb2d8a4cac"},"headline":"Youth for Mental Health: Discussion and Support at the Panel &#8220;Tell Me About It&#8221;","datePublished":"2024-10-12T14:07:29+00:00","dateModified":"2024-10-12T14:12:02+00:00","mainEntityOfPage":{"@id":"https:\/\/fondacijamilosbikovic.org\/en\/youth-for-mental-health-discussion-and-support-at-the-panel-tell-me-about-it\/"},"wordCount":432,"publisher":{"@id":"https:\/\/fondacijamilosbikovic.org\/en\/#organization"},"image":{"@id":"https:\/\/fondacijamilosbikovic.org\/en\/youth-for-mental-health-discussion-and-support-at-the-panel-tell-me-about-it\/#primaryimage"},"thumbnailUrl":"https:\/\/fondacijamilosbikovic.org\/wp-content\/uploads\/2024\/10\/pricajmi.jpg","keywords":["A discussion about mental health","Impact Hub","Mental Health","Mental health of young people","Mental Health Tribune","Panel discussion Belgrade","World Mental Health Day","youth and mental health"],"inLanguage":"en-US"},{"@type":"WebPage","@id":"https:\/\/fondacijamilosbikovic.org\/en\/youth-for-mental-health-discussion-and-support-at-the-panel-tell-me-about-it\/","url":"https:\/\/fondacijamilosbikovic.org\/en\/youth-for-mental-health-discussion-and-support-at-the-panel-tell-me-about-it\/","name":"Youth for Mental Health: Discussion and Support at the Panel \"Tell Me About It\" - Fondacija Milo\u0161 Bikovi\u0107","isPartOf":{"@id":"https:\/\/fondacijamilosbikovic.org\/en\/#website"},"primaryImageOfPage":{"@id":"https:\/\/fondacijamilosbikovic.org\/en\/youth-for-mental-health-discussion-and-support-at-the-panel-tell-me-about-it\/#primaryimage"},"image":{"@id":"https:\/\/fondacijamilosbikovic.org\/en\/youth-for-mental-health-discussion-and-support-at-the-panel-tell-me-about-it\/#primaryimage"},"thumbnailUrl":"https:\/\/fondacijamilosbikovic.org\/wp-content\/uploads\/2024\/10\/pricajmi.jpg","datePublished":"2024-10-12T14:07:29+00:00","dateModified":"2024-10-12T14:12:02+00:00","description":"The panel discussion \"Tell me about it\" brought together experts at the Impact Hub on the occasion of World Mental Health Day, with the aim of raising awareness among young people.","breadcrumb":{"@id":"https:\/\/fondacijamilosbikovic.org\/en\/youth-for-mental-health-discussion-and-support-at-the-panel-tell-me-about-it\/#breadcrumb"},"inLanguage":"en-US","potentialAction":[{"@type":"ReadAction","target":["https:\/\/fondacijamilosbikovic.org\/en\/youth-for-mental-health-discussion-and-support-at-the-panel-tell-me-about-it\/"]}]},{"@type":"ImageObject","inLanguage":"en-US","@id":"https:\/\/fondacijamilosbikovic.org\/en\/youth-for-mental-health-discussion-and-support-at-the-panel-tell-me-about-it\/#primaryimage","url":"https:\/\/fondacijamilosbikovic.org\/wp-content\/uploads\/2024\/10\/pricajmi.jpg","contentUrl":"https:\/\/fondacijamilosbikovic.org\/wp-content\/uploads\/2024\/10\/pricajmi.jpg","width":1920,"height":1008},{"@type":"BreadcrumbList","@id":"https:\/\/fondacijamilosbikovic.org\/en\/youth-for-mental-health-discussion-and-support-at-the-panel-tell-me-about-it\/#breadcrumb","itemListElement":[{"@type":"ListItem","position":1,"name":"Home","item":"https:\/\/fondacijamilosbikovic.org\/en\/"},{"@type":"ListItem","position":2,"name":"Youth for Mental Health: Discussion and Support at the Panel &#8220;Tell Me About It&#8221;"}]},{"@type":"WebSite","@id":"https:\/\/fondacijamilosbikovic.org\/en\/#website","url":"https:\/\/fondacijamilosbikovic.org\/en\/","name":"Fondacija Milo\u0161 Bikovi\u0107","description":"Energija talenata, iskustvo stru\u010dnjaka -\u00a0za\u00a0bolji\u00a0svet.","publisher":{"@id":"https:\/\/fondacijamilosbikovic.org\/en\/#organization"},"potentialAction":[{"@type":"SearchAction","target":{"@type":"EntryPoint","urlTemplate":"https:\/\/fondacijamilosbikovic.org\/en\/?s={search_term_string}"},"query-input":{"@type":"PropertyValueSpecification","valueRequired":true,"valueName":"search_term_string"}}],"inLanguage":"en-US"},{"@type":"Organization","@id":"https:\/\/fondacijamilosbikovic.org\/en\/#organization","name":"Fondacija Milo\u0161 Bikovi\u0107","url":"https:\/\/fondacijamilosbikovic.org\/en\/","logo":{"@type":"ImageObject","inLanguage":"en-US","@id":"https:\/\/fondacijamilosbikovic.org\/en\/#\/schema\/logo\/image\/","url":"https:\/\/fondacijamilosbikovic.org\/wp-content\/uploads\/2023\/11\/logo@x2.png","contentUrl":"https:\/\/fondacijamilosbikovic.org\/wp-content\/uploads\/2023\/11\/logo@x2.png","width":800,"height":182,"caption":"Fondacija Milo\u0161 Bikovi\u0107"},"image":{"@id":"https:\/\/fondacijamilosbikovic.org\/en\/#\/schema\/logo\/image\/"},"sameAs":["https:\/\/www.facebook.com\/fondacijabikovic"]},{"@type":"Person","@id":"https:\/\/fondacijamilosbikovic.org\/en\/#\/schema\/person\/336800589049adc86a57eabb2d8a4cac","name":"Fondacija Milo\u0161 Bikovi\u0107","image":{"@type":"ImageObject","inLanguage":"en-US","@id":"https:\/\/secure.gravatar.com\/avatar\/d80abda3d2370dcab520376353139bc0671b983b15d0e2bb43c12d61ab3f6026?s=96&d=mm&r=g","url":"https:\/\/secure.gravatar.com\/avatar\/d80abda3d2370dcab520376353139bc0671b983b15d0e2bb43c12d61ab3f6026?s=96&d=mm&r=g","contentUrl":"https:\/\/secure.gravatar.com\/avatar\/d80abda3d2370dcab520376353139bc0671b983b15d0e2bb43c12d61ab3f6026?s=96&d=mm&r=g","caption":"Fondacija Milo\u0161 Bikovi\u0107"},"sameAs":["https:\/\/fondacijamilosbikovic.org"],"url":"https:\/\/fondacijamilosbikovic.org\/en\/author\/fondacija_admin\/"}]}},"_links":{"self":[{"href":"https:\/\/fondacijamilosbikovic.org\/en\/wp-json\/wp\/v2\/posts\/797","targetHints":{"allow":["GET"]}}],"collection":[{"href":"https:\/\/fondacijamilosbikovic.org\/en\/wp-json\/wp\/v2\/posts"}],"about":[{"href":"https:\/\/fondacijamilosbikovic.org\/en\/wp-json\/wp\/v2\/types\/post"}],"author":[{"embeddable":true,"href":"https:\/\/fondacijamilosbikovic.org\/en\/wp-json\/wp\/v2\/users\/1"}],"replies":[{"embeddable":true,"href":"https:\/\/fondacijamilosbikovic.org\/en\/wp-json\/wp\/v2\/comments?post=797"}],"version-history":[{"count":2,"href":"https:\/\/fondacijamilosbikovic.org\/en\/wp-json\/wp\/v2\/posts\/797\/revisions"}],"predecessor-version":[{"id":800,"href":"https:\/\/fondacijamilosbikovic.org\/en\/wp-json\/wp\/v2\/posts\/797\/revisions\/800"}],"wp:featuredmedia":[{"embeddable":true,"href":"https:\/\/fondacijamilosbikovic.org\/en\/wp-json\/wp\/v2\/media\/794"}],"wp:attachment":[{"href":"https:\/\/fondacijamilosbikovic.org\/en\/wp-json\/wp\/v2\/media?parent=797"}],"wp:term":[{"taxonomy":"category","embeddable":true,"href":"https:\/\/fondacijamilosbikovic.org\/en\/wp-json\/wp\/v2\/categories?post=797"},{"taxonomy":"post_tag","embeddable":true,"href":"https:\/\/fondacijamilosbikovic.org\/en\/wp-json\/wp\/v2\/tags?post=797"}],"curies":[{"name":"wp","href":"https:\/\/api.w.org\/{rel}","templated":true}]}}